{"id":668045,"date":"2026-03-10T16:30:21","date_gmt":"2026-03-10T14:30:21","guid":{"rendered":"https:\/\/podcast.rs\/pocinje-napeta-superizborna-godina-u-njemackoj\/"},"modified":"2026-04-27T05:35:35","modified_gmt":"2026-04-27T03:35:35","slug":"pocinje-napeta-superizborna-godina-u-njemackoj","status":"publish","type":"post","link":"https:\/\/podcast.rs\/en\/pocinje-napeta-superizborna-godina-u-njemackoj\/","title":{"rendered":"Po\u010dinje napeta &#8222;superizborna&#8220; godina u Njema\u010dkoj"},"content":{"rendered":"<p>Izborna godina u Njema\u010dkoj otvorena je glasovanjem u Baden-W\u00fcrttembergu, gdje su Zeleni tijesno pobijedili CDU. No rezultati su pokazali i ja\u010danje stranke AfD uz daljnje slabljenje SPD \u2014 to je trend koji bi se mogao preliti i na ostale pokrajinske izbore ove godine. O posljedicama i mogu\u0107im scenarijima Nenad Kreizer razgovara s dugogodi\u0161njim zastupnikom SPD a u Bundestagu Josipom Juratovi\u0107em te kolegom reporterom Filipom Slavkovi\u0107em. \u0160to ovi rezultati zna\u010de za politi\u010dku sliku Njema\u010dke?<\/p>","protected":false},"excerpt":{"rendered":"<p>Izborna godina u Njema\u010dkoj otvorena je glasovanjem u Baden-W\u00fcrttembergu, gdje su Zeleni tijesno pobijedili CDU. No rezultati su pokazali i ja\u010danje stranke AfD uz daljnje slabljenje SPD \u2014 to je trend koji bi se mogao preliti i na ostale pokrajinske izbore ove godine. O posljedicama i mogu\u0107im scenarijima Nenad Kreizer razgovara s dugogodi\u0161njim zastupnikom SPD&#8230;<\/p>","protected":false},"author":3,"featured_media":659662,"comment_status":"closed","ping_status":"closed","sticky":false,"template":"","format":"standard","meta":{"footnotes":""},"categories":[183],"tags":[],"class_list":["post-668045","post","type-post","status-publish","format-standard","has-post-thumbnail","hentry","category-cosmo"],"_links":{"self":[{"href":"https:\/\/podcast.rs\/en\/wp-json\/wp\/v2\/posts\/668045","targetHints":{"allow":["GET"]}}],"collection":[{"href":"https:\/\/podcast.rs\/en\/wp-json\/wp\/v2\/posts"}],"about":[{"href":"https:\/\/podcast.rs\/en\/wp-json\/wp\/v2\/types\/post"}],"author":[{"embeddable":true,"href":"https:\/\/podcast.rs\/en\/wp-json\/wp\/v2\/users\/3"}],"replies":[{"embeddable":true,"href":"https:\/\/podcast.rs\/en\/wp-json\/wp\/v2\/comments?post=668045"}],"version-history":[{"count":1,"href":"https:\/\/podcast.rs\/en\/wp-json\/wp\/v2\/posts\/668045\/revisions"}],"predecessor-version":[{"id":668052,"href":"https:\/\/podcast.rs\/en\/wp-json\/wp\/v2\/posts\/668045\/revisions\/668052"}],"wp:featuredmedia":[{"embeddable":true,"href":"https:\/\/podcast.rs\/en\/wp-json\/wp\/v2\/media\/659662"}],"wp:attachment":[{"href":"https:\/\/podcast.rs\/en\/wp-json\/wp\/v2\/media?parent=668045"}],"wp:term":[{"taxonomy":"category","embeddable":true,"href":"https:\/\/podcast.rs\/en\/wp-json\/wp\/v2\/categories?post=668045"},{"taxonomy":"post_tag","embeddable":true,"href":"https:\/\/podcast.rs\/en\/wp-json\/wp\/v2\/tags?post=668045"}],"curies":[{"name":"wp","href":"https:\/\/api.w.org\/{rel}","templated":true}]}}