{"id":666476,"date":"2026-03-04T15:25:14","date_gmt":"2026-03-04T13:25:14","guid":{"rendered":"https:\/\/podcast.rs\/epizoda-53-iva-cukelj-nadarenost-i-disleksija\/"},"modified":"2026-03-04T15:25:14","modified_gmt":"2026-03-04T13:25:14","slug":"epizoda-53-iva-cukelj-nadarenost-i-disleksija","status":"publish","type":"post","link":"https:\/\/podcast.rs\/en\/epizoda-53-iva-cukelj-nadarenost-i-disleksija\/","title":{"rendered":"Epizoda 53 &#8211; Iva \u010cukelj &#8211; Nadarenost i disleksija"},"content":{"rendered":"<p>Go\u0161\u0107a na\u0161e nove epizode je Iva \u010cukelj &#8211; diplomirana likovna umjetnica koja nas podsje\u0107a na ne\u0161to vrlo va\u017eno: disleksija nije ograni\u010denje, nego druga\u010diji na\u010din gledanja svijeta! \ud83c\udfa8<\/p>\n<\/p>\n<p>Raspri\u010dale smo se o ljepoti razmi\u0161ljanja u slikama, djeci koja stvaraju bez \u0161ablone, o tome ko\u010de li ocjene kreativnost te za\u0161to je va\u017enije pratiti mogu\u0107nosti djeteta nego kurikulum. \ud83d\ude0a<\/p>","protected":false},"excerpt":{"rendered":"<p>Go\u0161\u0107a na\u0161e nove epizode je Iva \u010cukelj &#8211; diplomirana likovna umjetnica koja nas podsje\u0107a na ne\u0161to vrlo va\u017eno: disleksija nije ograni\u010denje, nego druga\u010diji na\u010din gledanja svijeta! \ud83c\udfa8 Raspri\u010dale smo se o ljepoti razmi\u0161ljanja u slikama, djeci koja stvaraju bez \u0161ablone, o tome ko\u010de li ocjene kreativnost te za\u0161to je va\u017enije pratiti mogu\u0107nosti djeteta nego kurikulum&#8230;.<\/p>","protected":false},"author":3,"featured_media":100059,"comment_status":"","ping_status":"closed","sticky":false,"template":"","format":"standard","meta":{"footnotes":""},"categories":[586],"tags":[],"class_list":["post-666476","post","type-post","status-publish","format-standard","has-post-thumbnail","hentry","category-logopedski-podcast-dijalog"],"_links":{"self":[{"href":"https:\/\/podcast.rs\/en\/wp-json\/wp\/v2\/posts\/666476","targetHints":{"allow":["GET"]}}],"collection":[{"href":"https:\/\/podcast.rs\/en\/wp-json\/wp\/v2\/posts"}],"about":[{"href":"https:\/\/podcast.rs\/en\/wp-json\/wp\/v2\/types\/post"}],"author":[{"embeddable":true,"href":"https:\/\/podcast.rs\/en\/wp-json\/wp\/v2\/users\/3"}],"replies":[{"embeddable":true,"href":"https:\/\/podcast.rs\/en\/wp-json\/wp\/v2\/comments?post=666476"}],"version-history":[{"count":0,"href":"https:\/\/podcast.rs\/en\/wp-json\/wp\/v2\/posts\/666476\/revisions"}],"wp:featuredmedia":[{"embeddable":true,"href":"https:\/\/podcast.rs\/en\/wp-json\/wp\/v2\/media\/100059"}],"wp:attachment":[{"href":"https:\/\/podcast.rs\/en\/wp-json\/wp\/v2\/media?parent=666476"}],"wp:term":[{"taxonomy":"category","embeddable":true,"href":"https:\/\/podcast.rs\/en\/wp-json\/wp\/v2\/categories?post=666476"},{"taxonomy":"post_tag","embeddable":true,"href":"https:\/\/podcast.rs\/en\/wp-json\/wp\/v2\/tags?post=666476"}],"curies":[{"name":"wp","href":"https:\/\/api.w.org\/{rel}","templated":true}]}}