{"id":666108,"date":"2026-03-02T18:00:00","date_gmt":"2026-03-02T16:00:00","guid":{"rendered":"https:\/\/podcast.rs\/asim-mujkic-svi-su-etnonacionalisti-seseljeva-djeca-direktno-sa-vildanom\/"},"modified":"2026-04-28T00:35:55","modified_gmt":"2026-04-27T22:35:55","slug":"asim-mujkic-svi-su-etnonacionalisti-seseljeva-djeca-direktno-sa-vildanom","status":"publish","type":"post","link":"https:\/\/podcast.rs\/en\/asim-mujkic-svi-su-etnonacionalisti-seseljeva-djeca-direktno-sa-vildanom\/","title":{"rendered":"Asim Mujki\u0107: Svi su etnonacionalisti \u0160e\u0161eljeva djeca &#8211; Direktno sa Vildanom"},"content":{"rendered":"<p><a target=\"_blank\" href=\"https:\/\/www.buzzsprout.com\/2151425\/fan_mail\/new\">Send us Fan Mail<\/a><\/p>\n<p>Protesti u Sarajevu se nastavljaju. \u0110aci i studenti vlastima isporu\u010duju sve konkretnije zahtjeve, daju im i rokove, rije\u0161eni da se izbore za bolje i pravednije dru\u0161tvo. I sigurnije. Tramvajska nesre\u0107a 12 februara, u kojoj je smrtno stradao mladi umjetnik iz Br\u010dkog Erdoan Moranki\u0107, a jo\u0161 \u010detvero te\u0161ko povrije\u0111eno, motivirali su mlade da ustanu protiv sistema koji je toliko pustio korijenje da su mu neophodne ozbiljne i temeljite reforme.<\/p>\n<p>Nepotizam, korupcija, nekompetentnost, nerijetko i neznanje, pokrivaju se partijskim knji\u017eicama, a \u017ertve su tek kolateralna \u0161teta zapu\u0161tenog dru\u0161tva. Trebaju nam korjenite reforme koje ovda\u0161nji politi\u010dari i ne mogu isporu\u010diti bez evropskog puta, no i tu smo u debelom zaostatku. Ovda\u0161njim velikim vo\u0111ama do Evrope je stalo koliko i do lanjskog snijega ili pak svih onih koji nisu vlasnici njihovih partijskih knji\u017eica.<\/p>\n<p>S nama je u novoj epizodi <a href='https:\/\/www.oslobodjenje.ba\/tag\/direktno-sa-vildanom\/'><b>Direktno sa Vildanom Selimbegovi\u0107<\/b><\/a>, <a href='https:\/\/www.oslobodjenje.ba\/tag\/asim-mujkic\/'><b>Asim Mujki\u0107<\/b><\/a>, dopisni \u010dlan Akademije nauka i umjetnosti Bosne i Hercegovine.\u00a0<\/p>\n<p>Gdje su profesori, intelektualci, gdje su roditelji da podr\u017ee djecu? O\u010dekuje li da \u0107e se mladi ovaj put izboriti za bolje dru\u0161tvo?<\/p>\n<p><a rel=\"payment\" href=\"https:\/\/www.buzzsprout.com\/2151425\/support\">Support the show<\/a><\/p>\n<p>\u010citajte nas na: <a href='https:\/\/www.youtube.com\/redirect?event=video_description&amp;redir_token=QUFFLUhqbG1GOTJCYkg1aENERDhaYVQ1TFlRNGlQOFlMd3xBQ3Jtc0ttQUxLRmRtTXZsSm1mNjVaS0ZIVkt2d19fT1ZubGZkYzlSZk95T05YTUQ4RzlMWTFrTzBxaklMU3JMUzVpTGhWLXRRaUVpb29nOVFyd1J1UDM4WTBWNGVWSTRjeVI5Q0RvQ05qOUphQndLVV94RXF1RQ&amp;q=https%3A%2F%2Fwww.oslobodjenje.ba%2F&amp;v=ogUzzAgGjzE'>https:\/\/www.oslobodjenje.ba<\/a>\u00a0 \u00a0 FB :<a href='https:\/\/www.youtube.com\/redirect?event=video_description&amp;redir_token=QUFFLUhqa3VQQWdEWkQ5VlIyaXROWWpVeWxYUWNYR1ZEQXxBQ3Jtc0trTGx6UmQwTXdRLXRPNnowUGtBVmw3TzJ0QmtIb1B0ck1CT3hWU0V3a0JFOHVfMkJ1VDhTLXc4TUJXWDhWekU0UXQxYm1Va2wtM3dyQ1djTnU2djFtejBxcEg0QzJxTHhZNmpFejhCWWlRdE5YVFpwSQ&amp;q=https%3A%2F%2Fwww.facebook.com%2Foslobodjenjeba&amp;v=ogUzzAgGjzE'>https:\/\/www.facebook.com\/oslobodjenjeba<\/a>\u00a0 IG: <a href='https:\/\/www.youtube.com\/redirect?event=video_description&amp;redir_token=QUFFLUhqa1FsNjMtdmUtTS1vWUg5em5zaEpzOUdIOGhnd3xBQ3Jtc0ttdDB1SlRSVS1RTjRUZUtNODMxYnBJTnV2b0ItdjIzOEJCSVVpWXRIV1RSdmxPWC1DOFU3TVV4RmxNdW5nRkV6cE1ScXVjdTlvcDhYeEptNEszN1V1Q042eWpDOTZrTzk5ckQ1R2g3Nl9nWEt1OU5MWQ&amp;q=https%3A%2F%2Fwww.instagram.com%2Foslobodjenje.ba&amp;v=ogUzzAgGjzE'><a href=\"https:\/\/www.instagram.com\/oslobodjenj\" rel=\"nofollow\">https:\/\/www.instagram.com\/oslobodjenj<\/a>&#8230;<\/a>\u00a0 Twitter: <a href='https:\/\/www.youtube.com\/redirect?event=video_description&amp;redir_token=QUFFLUhqbVJvekE3SjJjbkVfT2xuR0ROekRPNVlfQ2EwZ3xBQ3Jtc0tsNDNVdW1ENDZqUHI3UW52S2NVU2VDcWxFLVJSczZjRnlfYjI1dHpfRERPcTJybkZJSThDME9rYVRUMk0zYnNMNFVJRktyNS0wTk9qaFVDQ2diLTBVMGl2RUxtZUFscGptYUxrbGF2X2NoRmsxdHVQOA&amp;q=https%3A%2F%2Ftwitter.com%2Foslobodjenjeba&amp;v=ogUzzAgGjzE'>&#8230;<\/a><\/p>","protected":false},"excerpt":{"rendered":"<p>Send us Fan Mail Protesti u Sarajevu se nastavljaju. \u0110aci i studenti vlastima isporu\u010duju sve konkretnije zahtjeve, daju im i rokove, rije\u0161eni da se izbore za bolje i pravednije dru\u0161tvo. I sigurnije. Tramvajska nesre\u0107a 12 februara, u kojoj je smrtno stradao mladi umjetnik iz Br\u010dkog Erdoan Moranki\u0107, a jo\u0161 \u010detvero te\u0161ko povrije\u0111eno, motivirali su mlade&#8230;<\/p>","protected":false},"author":4,"featured_media":111669,"comment_status":"closed","ping_status":"closed","sticky":false,"template":"","format":"standard","meta":{"footnotes":""},"categories":[610],"tags":[],"class_list":["post-666108","post","type-post","status-publish","format-standard","has-post-thumbnail","hentry","category-oslobodjenje-podcast"],"_links":{"self":[{"href":"https:\/\/podcast.rs\/en\/wp-json\/wp\/v2\/posts\/666108","targetHints":{"allow":["GET"]}}],"collection":[{"href":"https:\/\/podcast.rs\/en\/wp-json\/wp\/v2\/posts"}],"about":[{"href":"https:\/\/podcast.rs\/en\/wp-json\/wp\/v2\/types\/post"}],"author":[{"embeddable":true,"href":"https:\/\/podcast.rs\/en\/wp-json\/wp\/v2\/users\/4"}],"replies":[{"embeddable":true,"href":"https:\/\/podcast.rs\/en\/wp-json\/wp\/v2\/comments?post=666108"}],"version-history":[{"count":13,"href":"https:\/\/podcast.rs\/en\/wp-json\/wp\/v2\/posts\/666108\/revisions"}],"predecessor-version":[{"id":684444,"href":"https:\/\/podcast.rs\/en\/wp-json\/wp\/v2\/posts\/666108\/revisions\/684444"}],"wp:featuredmedia":[{"embeddable":true,"href":"https:\/\/podcast.rs\/en\/wp-json\/wp\/v2\/media\/111669"}],"wp:attachment":[{"href":"https:\/\/podcast.rs\/en\/wp-json\/wp\/v2\/media?parent=666108"}],"wp:term":[{"taxonomy":"category","embeddable":true,"href":"https:\/\/podcast.rs\/en\/wp-json\/wp\/v2\/categories?post=666108"},{"taxonomy":"post_tag","embeddable":true,"href":"https:\/\/podcast.rs\/en\/wp-json\/wp\/v2\/tags?post=666108"}],"curies":[{"name":"wp","href":"https:\/\/api.w.org\/{rel}","templated":true}]}}