{"id":665385,"date":"2026-02-26T18:29:00","date_gmt":"2026-02-26T16:29:00","guid":{"rendered":"https:\/\/podcast.rs\/zasadio-je-sumu-sa-27-godina-10-godina-kasnije-nastala-je-cicina-suma-analogija-podkast\/"},"modified":"2026-04-28T11:34:17","modified_gmt":"2026-04-28T09:34:17","slug":"zasadio-je-sumu-sa-27-godina-10-godina-kasnije-nastala-je-cicina-suma-analogija-podkast","status":"publish","type":"post","link":"https:\/\/podcast.rs\/en\/zasadio-je-sumu-sa-27-godina-10-godina-kasnije-nastala-je-cicina-suma-analogija-podkast\/","title":{"rendered":"Zasadio je \u0161umu sa 27 godina \u2013 10 godina kasnije nastala je \u201c\u010ci\u010dina \u0161uma\u201d &#8211; Analogija podkast"},"content":{"rendered":"<p>Pre deceniju, Stefan Drlja\u010da je kupio je livadu bez jasnog plana. Danas na tom mestu raste mlada \u0161uma sa vi\u0161e od 30 vrsta drve\u0107a.<\/p>\n<p>U ovoj epizodi podkasta Analogija razgovaram sa Stefanom o tome:<\/p>\n<p>\u2013 kako se grade \u0161uma i karakter<\/p>\n<p> \u2013 za\u0161to nije posadio planta\u017eu koja donosi profit<\/p>\n<p>\u2013 kako izgleda saditi vi\u0161e od 500 sadnica<\/p>\n<p>\u2013 ulozi porodice u dugoro\u010dnim projektima<\/p>\n<p>\u2013 \u0160ta nam sve \u0161uma pru\u017ea <\/p>\n<p>\u2013 i \u0161ta zna\u010di ostaviti trag iza sebe<\/p>\n<\/p>\n<p>Evo nekoliko re\u010denica iz razgovora: <\/p>\n<\/p>\n<p>\u201ePro\u0161lo je kao tren.\u201c<\/p>\n<p>\u201eMi smo posadili uspomene.\u201c<\/p>\n<p>\u201e\u0160uma treba mene da nad\u017eivi.\u201c<\/p>\n<\/p>\n<p>Ovo nije samo pri\u010da o drve\u0107u. Ovo je pri\u010da o istrajnosti, ekosistemu, porodici i ideji koja raste zajedno sa \u010dovekom i prerasta ga. Ako volite pri\u010de o smislu, prirodi, dugoro\u010dnim projektima i ljudima koji ne odustaju zapratite Analogija podkast.<\/p>\n<\/p>\n<p>#Analogija #\u0160uma #Ekologija #Li\u010dnePri\u010de #Podcast #suma #priroda #licneprice #anamanojlovic #analogijapodkast #analogijapodcast<\/p>","protected":false},"excerpt":{"rendered":"<p>Pre deceniju, Stefan Drlja\u010da je kupio je livadu bez jasnog plana. Danas na tom mestu raste mlada \u0161uma sa vi\u0161e od 30 vrsta drve\u0107a. U ovoj epizodi podkasta Analogija razgovaram sa Stefanom o tome: \u2013 kako se grade \u0161uma i karakter \u2013 za\u0161to nije posadio planta\u017eu koja donosi profit \u2013 kako izgleda saditi vi\u0161e od&#8230;<\/p>","protected":false},"author":3,"featured_media":658766,"comment_status":"closed","ping_status":"closed","sticky":false,"template":"","format":"standard","meta":{"footnotes":""},"categories":[564],"tags":[],"class_list":["post-665385","post","type-post","status-publish","format-standard","has-post-thumbnail","hentry","category-analogija"],"_links":{"self":[{"href":"https:\/\/podcast.rs\/en\/wp-json\/wp\/v2\/posts\/665385","targetHints":{"allow":["GET"]}}],"collection":[{"href":"https:\/\/podcast.rs\/en\/wp-json\/wp\/v2\/posts"}],"about":[{"href":"https:\/\/podcast.rs\/en\/wp-json\/wp\/v2\/types\/post"}],"author":[{"embeddable":true,"href":"https:\/\/podcast.rs\/en\/wp-json\/wp\/v2\/users\/3"}],"replies":[{"embeddable":true,"href":"https:\/\/podcast.rs\/en\/wp-json\/wp\/v2\/comments?post=665385"}],"version-history":[{"count":1,"href":"https:\/\/podcast.rs\/en\/wp-json\/wp\/v2\/posts\/665385\/revisions"}],"predecessor-version":[{"id":665391,"href":"https:\/\/podcast.rs\/en\/wp-json\/wp\/v2\/posts\/665385\/revisions\/665391"}],"wp:featuredmedia":[{"embeddable":true,"href":"https:\/\/podcast.rs\/en\/wp-json\/wp\/v2\/media\/658766"}],"wp:attachment":[{"href":"https:\/\/podcast.rs\/en\/wp-json\/wp\/v2\/media?parent=665385"}],"wp:term":[{"taxonomy":"category","embeddable":true,"href":"https:\/\/podcast.rs\/en\/wp-json\/wp\/v2\/categories?post=665385"},{"taxonomy":"post_tag","embeddable":true,"href":"https:\/\/podcast.rs\/en\/wp-json\/wp\/v2\/tags?post=665385"}],"curies":[{"name":"wp","href":"https:\/\/api.w.org\/{rel}","templated":true}]}}