{"id":66518,"date":"2023-02-13T17:30:48","date_gmt":"2023-02-13T16:30:48","guid":{"rendered":"https:\/\/podcast.rs\/?p=66518"},"modified":"2023-02-13T20:22:13","modified_gmt":"2023-02-13T18:22:13","slug":"otkud-zurba-sporazum-beograda-i-pristine","status":"publish","type":"post","link":"https:\/\/podcast.rs\/en\/otkud-zurba-sporazum-beograda-i-pristine\/","title":{"rendered":"Otkud \u017eurba: Sporazum Beograda i Pri\u0161tine?"},"content":{"rendered":"<p>      Evropa izgleda ne \u017eeli vi\u0161e da \u010deka. \u0160ta se krije iza njema\u010dko-francuske inicijative o rje\u0161avanju kosovskog problema. Ko gubi, ko dobija? Kakvi su stavovi predsjednika Srbije Aleksandra Vu\u010di\u0107a i kosovskog premijera Aljbina Kurtija? U dublju analizu ulazimo u dru\u0161tvu Igora Novakovi\u0107a iz Centra za me\u0111unarodne i bezbednosne poslove ISAC fond. Kako bi normalizaciju odnosa izme\u0111u Beograda i Pri\u0161tine mogla konkretno izgledati. Kakvi su izgledi da do nje zbilja do\u0111e? Da li je 2023. godina presudna?<\/p>","protected":false},"excerpt":{"rendered":"<p>Evropa izgleda ne \u017eeli vi\u0161e da \u010deka. \u0160ta se krije iza njema\u010dko-francuske inicijative o rje\u0161avanju kosovskog problema. Ko gubi, ko dobija? Kakvi su stavovi predsjednika Srbije Aleksandra Vu\u010di\u0107a i kosovskog premijera Aljbina Kurtija? U dublju analizu ulazimo u dru\u0161tvu Igora Novakovi\u0107a iz Centra za me\u0111unarodne i bezbednosne poslove ISAC fond. Kako bi normalizaciju odnosa izme\u0111u&#8230;<\/p>","protected":false},"author":3,"featured_media":48737,"comment_status":"close","ping_status":"closed","sticky":false,"template":"","format":"audio","meta":{"footnotes":""},"categories":[183],"tags":[],"class_list":["post-66518","post","type-post","status-publish","format-audio","has-post-thumbnail","hentry","category-cosmo","post_format-post-format-audio"],"_links":{"self":[{"href":"https:\/\/podcast.rs\/en\/wp-json\/wp\/v2\/posts\/66518","targetHints":{"allow":["GET"]}}],"collection":[{"href":"https:\/\/podcast.rs\/en\/wp-json\/wp\/v2\/posts"}],"about":[{"href":"https:\/\/podcast.rs\/en\/wp-json\/wp\/v2\/types\/post"}],"author":[{"embeddable":true,"href":"https:\/\/podcast.rs\/en\/wp-json\/wp\/v2\/users\/3"}],"replies":[{"embeddable":true,"href":"https:\/\/podcast.rs\/en\/wp-json\/wp\/v2\/comments?post=66518"}],"version-history":[{"count":1,"href":"https:\/\/podcast.rs\/en\/wp-json\/wp\/v2\/posts\/66518\/revisions"}],"predecessor-version":[{"id":66519,"href":"https:\/\/podcast.rs\/en\/wp-json\/wp\/v2\/posts\/66518\/revisions\/66519"}],"wp:featuredmedia":[{"embeddable":true,"href":"https:\/\/podcast.rs\/en\/wp-json\/wp\/v2\/media\/48737"}],"wp:attachment":[{"href":"https:\/\/podcast.rs\/en\/wp-json\/wp\/v2\/media?parent=66518"}],"wp:term":[{"taxonomy":"category","embeddable":true,"href":"https:\/\/podcast.rs\/en\/wp-json\/wp\/v2\/categories?post=66518"},{"taxonomy":"post_tag","embeddable":true,"href":"https:\/\/podcast.rs\/en\/wp-json\/wp\/v2\/tags?post=66518"}],"curies":[{"name":"wp","href":"https:\/\/api.w.org\/{rel}","templated":true}]}}