{"id":66508,"date":"2023-02-13T15:43:28","date_gmt":"2023-02-13T14:43:28","guid":{"rendered":"https:\/\/podcast.rs\/?p=66508"},"modified":"2023-02-20T21:10:19","modified_gmt":"2023-02-20T19:10:19","slug":"ep022-sta-bi-o-tebi-rekao-tvoj-unutrasnji-mentor","status":"publish","type":"post","link":"https:\/\/podcast.rs\/en\/ep022-sta-bi-o-tebi-rekao-tvoj-unutrasnji-mentor\/","title":{"rendered":"EP022 \u0160ta bi o tebi rekao tvoj unutra\u0161nji mentor?"},"content":{"rendered":"<p>Svima nam je dobro poznat glas unutra\u0161njeg kriti\u010dara. Onaj glas koji nam stalno ne\u0161to zvoca, govori nam da ne umemo, da ne mo\u017eemo, da nismo ne\u0161to dovoljno. Ali u nama postoji jo\u0161 jedan glas, glas mudrosti, neguju\u0107i glas koji ume da nas motivi\u0161e i da nas provede kroz sve nesigurnosti, strahove i neizvesnosti.<\/p>\n<p>U dana\u0161njoj epizodi podcasta &#8222;Uzaludna perfekcionistkinja&#8220; pri\u010dam o oba ova na\u0161a glasa i kako da \u010de\u0161\u0107e prizivamo ovaj neguju\u0107i nego ovaj kritikuju\u0107i.<\/p>\n<p>Podcast mo\u017eete pratiti na platformama:<\/p>\n<p><a href=\"https:\/\/open.spotify.com\/show\/6xMMyokt2vX1hi3ZY2YHYK\">Spotify<\/a><\/p>\n<p><a href=\"https:\/\/podcasts.apple.com\/us\/podcast\/uzaludna-perfekcionistkinja\/id1652161068\">Apple Podcasts<\/a><\/p>\n<p><a href=\"https:\/\/podcasts.google.com\/feed\/aHR0cHM6Ly9hbmNob3IuZm0vcy9hY2ZhNmViYy9wb2RjYXN0L3Jzcw\">Google Podcasts<\/a><\/p>\n<p><a href=\"https:\/\/podcast.rs\/en\/show\/uzaludna-perfekcionistkinja\/\">Podcast.rs<\/a><\/p>\n<p>\u017delim da \u010dujem va\u0161e komentare, va\u0161e pri\u010de i iskustvo, pa vas pozivam da se pove\u017eemo na dru\u0161tvenim mre\u017eama:<\/p>\n<p><a href=\"https:\/\/www.instagram.com\/marjeta.pevec\/\">Instagram<\/a><\/p>\n<p><a href=\"https:\/\/www.facebook.com\/marjetapeveclifecoach\">Facebook<\/a><\/p>\n<p><a href=\"https:\/\/www.tiktok.com\/@marjetapevec\">TikTok<\/a><\/p>\n<p>Ako \u017eelite da dobijate moja pisma \u010detvrtkom, mo\u017eete se prijaviti na ovom <a href=\"https:\/\/landing.mailerlite.com\/webforms\/landing\/b4o9d6\">linku<\/a><\/p>\n<p>Slu\u0161amo se!<\/p>","protected":false},"excerpt":{"rendered":"<p>Svima nam je dobro poznat glas unutra\u0161njeg kriti\u010dara. Onaj glas koji nam stalno ne\u0161to zvoca, govori nam da ne umemo, da ne mo\u017eemo, da nismo ne\u0161to dovoljno. Ali u nama postoji jo\u0161 jedan glas, glas mudrosti, neguju\u0107i glas koji ume da nas motivi\u0161e i da nas provede kroz sve nesigurnosti, strahove i neizvesnosti. U dana\u0161njoj&#8230;<\/p>","protected":false},"author":3,"featured_media":67144,"comment_status":"close","ping_status":"closed","sticky":false,"template":"","format":"audio","meta":{"footnotes":""},"categories":[470],"tags":[],"class_list":["post-66508","post","type-post","status-publish","format-audio","has-post-thumbnail","hentry","category-uzaludna-perfekcionistkinja","post_format-post-format-audio"],"_links":{"self":[{"href":"https:\/\/podcast.rs\/en\/wp-json\/wp\/v2\/posts\/66508","targetHints":{"allow":["GET"]}}],"collection":[{"href":"https:\/\/podcast.rs\/en\/wp-json\/wp\/v2\/posts"}],"about":[{"href":"https:\/\/podcast.rs\/en\/wp-json\/wp\/v2\/types\/post"}],"author":[{"embeddable":true,"href":"https:\/\/podcast.rs\/en\/wp-json\/wp\/v2\/users\/3"}],"replies":[{"embeddable":true,"href":"https:\/\/podcast.rs\/en\/wp-json\/wp\/v2\/comments?post=66508"}],"version-history":[{"count":1,"href":"https:\/\/podcast.rs\/en\/wp-json\/wp\/v2\/posts\/66508\/revisions"}],"predecessor-version":[{"id":67145,"href":"https:\/\/podcast.rs\/en\/wp-json\/wp\/v2\/posts\/66508\/revisions\/67145"}],"wp:featuredmedia":[{"embeddable":true,"href":"https:\/\/podcast.rs\/en\/wp-json\/wp\/v2\/media\/67144"}],"wp:attachment":[{"href":"https:\/\/podcast.rs\/en\/wp-json\/wp\/v2\/media?parent=66508"}],"wp:term":[{"taxonomy":"category","embeddable":true,"href":"https:\/\/podcast.rs\/en\/wp-json\/wp\/v2\/categories?post=66508"},{"taxonomy":"post_tag","embeddable":true,"href":"https:\/\/podcast.rs\/en\/wp-json\/wp\/v2\/tags?post=66508"}],"curies":[{"name":"wp","href":"https:\/\/api.w.org\/{rel}","templated":true}]}}