{"id":66473,"date":"2023-02-11T10:03:00","date_gmt":"2023-02-11T09:03:00","guid":{"rendered":"https:\/\/podcast.rs\/?p=66473"},"modified":"2023-02-12T09:08:48","modified_gmt":"2023-02-12T07:08:48","slug":"dnevna-soba-matija-gluscevic-i-dusan-zoric","status":"publish","type":"post","link":"https:\/\/podcast.rs\/en\/dnevna-soba-matija-gluscevic-i-dusan-zoric\/","title":{"rendered":"Dnevna soba: Matija Glu\u0161\u010devi\u0107 i Du\u0161an Zori\u0107"},"content":{"rendered":"<p><span>Jedan od filmova koji je obele\u017eio proteklu godinu je i debitantski film\u00a0<\/span><span>Matije Glu\u0161\u010devi\u0107a<\/span><span>\u00a0i\u00a0<\/span><span>Du\u0161ana Zori\u0107a<\/span><span>\u00a0&#8222;Da li ste videli ovu \u017eenu?&#8220;. Ostvarenje u kome, kroz tri razli\u010dita \u017eivota, tri razli\u010dite pri\u010de, pratimo jednu Draginju, odmah je privuklo pa\u017enju i publike i kriti\u010dara.<\/span><\/p>\n<p><span>Vrlo brzo su do\u0161le i brojne nagrade na festivalima &#8211; od doma\u0107eg Festivala autorskog filma, preko festivala u Bangkoku i Veneciji. Film je protekle nedelje predstavljen i novosadskoj publici na projekciji u Kulturnom centru grada , koju je organizovao Filmski front.<\/span><\/p>","protected":false},"excerpt":{"rendered":"<p>Jedan od filmova koji je obele\u017eio proteklu godinu je i debitantski film\u00a0Matije Glu\u0161\u010devi\u0107a\u00a0i\u00a0Du\u0161ana Zori\u0107a\u00a0&#8222;Da li ste videli ovu \u017eenu?&#8220;. Ostvarenje u kome, kroz tri razli\u010dita \u017eivota, tri razli\u010dite pri\u010de, pratimo jednu Draginju, odmah je privuklo pa\u017enju i publike i kriti\u010dara. Vrlo brzo su do\u0161le i brojne nagrade na festivalima &#8211; od doma\u0107eg Festivala autorskog filma,&#8230;<\/p>","protected":false},"author":3,"featured_media":54584,"comment_status":"close","ping_status":"closed","sticky":false,"template":"","format":"audio","meta":{"footnotes":""},"categories":[431],"tags":[],"class_list":["post-66473","post","type-post","status-publish","format-audio","has-post-thumbnail","hentry","category-dnevna-soba","post_format-post-format-audio"],"_links":{"self":[{"href":"https:\/\/podcast.rs\/en\/wp-json\/wp\/v2\/posts\/66473","targetHints":{"allow":["GET"]}}],"collection":[{"href":"https:\/\/podcast.rs\/en\/wp-json\/wp\/v2\/posts"}],"about":[{"href":"https:\/\/podcast.rs\/en\/wp-json\/wp\/v2\/types\/post"}],"author":[{"embeddable":true,"href":"https:\/\/podcast.rs\/en\/wp-json\/wp\/v2\/users\/3"}],"replies":[{"embeddable":true,"href":"https:\/\/podcast.rs\/en\/wp-json\/wp\/v2\/comments?post=66473"}],"version-history":[{"count":1,"href":"https:\/\/podcast.rs\/en\/wp-json\/wp\/v2\/posts\/66473\/revisions"}],"predecessor-version":[{"id":66474,"href":"https:\/\/podcast.rs\/en\/wp-json\/wp\/v2\/posts\/66473\/revisions\/66474"}],"wp:featuredmedia":[{"embeddable":true,"href":"https:\/\/podcast.rs\/en\/wp-json\/wp\/v2\/media\/54584"}],"wp:attachment":[{"href":"https:\/\/podcast.rs\/en\/wp-json\/wp\/v2\/media?parent=66473"}],"wp:term":[{"taxonomy":"category","embeddable":true,"href":"https:\/\/podcast.rs\/en\/wp-json\/wp\/v2\/categories?post=66473"},{"taxonomy":"post_tag","embeddable":true,"href":"https:\/\/podcast.rs\/en\/wp-json\/wp\/v2\/tags?post=66473"}],"curies":[{"name":"wp","href":"https:\/\/api.w.org\/{rel}","templated":true}]}}