{"id":659743,"date":"2025-09-18T15:11:21","date_gmt":"2025-09-18T13:11:21","guid":{"rendered":"https:\/\/podcast.rs\/ljeto-otkazanih-koncerata-tvoj-korzo\/"},"modified":"2026-04-27T05:35:40","modified_gmt":"2026-04-27T03:35:40","slug":"ljeto-otkazanih-koncerata-tvoj-korzo","status":"publish","type":"post","link":"https:\/\/podcast.rs\/en\/ljeto-otkazanih-koncerata-tvoj-korzo\/","title":{"rendered":"Ljeto otkazanih koncerata \u2013 Tvoj Korzo"},"content":{"rendered":"<p>Nenad Kreizer razgovara s glazbenim kriti\u010darem Edom Plovani\u0107em o razlozima za neodr\u017eavanje \u010ditavog niza koncerata u Hrvatskoj i Srbiji. Zoran Sto\u0161i\u0107 u pregledu glazbene scene iz Zagreba otkriva \u0161to je spremila pjeva\u010dica Remi za svoj samostalni album. Slu\u0161amo i nove singlove grupa, Luzeri feat. Lava (&#8222;Druga strana), Dolores feat. Retrospektiva (&#8222;Ko gasi svetlo&#8220;) i Maali (&#8222;Apart&#8220;). Ljeto iza nas ostat \u0107e zabilje\u017eeno po valu otkazanih koncerata &#8211; zbog kojih i kakvih to\u010dno politi\u010dkih razloga?<\/p>","protected":false},"excerpt":{"rendered":"<p>Nenad Kreizer razgovara s glazbenim kriti\u010darem Edom Plovani\u0107em o razlozima za neodr\u017eavanje \u010ditavog niza koncerata u Hrvatskoj i Srbiji. Zoran Sto\u0161i\u0107 u pregledu glazbene scene iz Zagreba otkriva \u0161to je spremila pjeva\u010dica Remi za svoj samostalni album. Slu\u0161amo i nove singlove grupa, Luzeri feat. Lava (&#8222;Druga strana), Dolores feat. Retrospektiva (&#8222;Ko gasi svetlo&#8220;) i Maali&#8230;<\/p>","protected":false},"author":3,"featured_media":659662,"comment_status":"closed","ping_status":"closed","sticky":false,"template":"","format":"standard","meta":{"footnotes":""},"categories":[183],"tags":[],"class_list":["post-659743","post","type-post","status-publish","format-standard","has-post-thumbnail","hentry","category-cosmo"],"_links":{"self":[{"href":"https:\/\/podcast.rs\/en\/wp-json\/wp\/v2\/posts\/659743","targetHints":{"allow":["GET"]}}],"collection":[{"href":"https:\/\/podcast.rs\/en\/wp-json\/wp\/v2\/posts"}],"about":[{"href":"https:\/\/podcast.rs\/en\/wp-json\/wp\/v2\/types\/post"}],"author":[{"embeddable":true,"href":"https:\/\/podcast.rs\/en\/wp-json\/wp\/v2\/users\/3"}],"replies":[{"embeddable":true,"href":"https:\/\/podcast.rs\/en\/wp-json\/wp\/v2\/comments?post=659743"}],"version-history":[{"count":1,"href":"https:\/\/podcast.rs\/en\/wp-json\/wp\/v2\/posts\/659743\/revisions"}],"predecessor-version":[{"id":659939,"href":"https:\/\/podcast.rs\/en\/wp-json\/wp\/v2\/posts\/659743\/revisions\/659939"}],"wp:featuredmedia":[{"embeddable":true,"href":"https:\/\/podcast.rs\/en\/wp-json\/wp\/v2\/media\/659662"}],"wp:attachment":[{"href":"https:\/\/podcast.rs\/en\/wp-json\/wp\/v2\/media?parent=659743"}],"wp:term":[{"taxonomy":"category","embeddable":true,"href":"https:\/\/podcast.rs\/en\/wp-json\/wp\/v2\/categories?post=659743"},{"taxonomy":"post_tag","embeddable":true,"href":"https:\/\/podcast.rs\/en\/wp-json\/wp\/v2\/tags?post=659743"}],"curies":[{"name":"wp","href":"https:\/\/api.w.org\/{rel}","templated":true}]}}