{"id":659741,"date":"2025-09-23T15:30:23","date_gmt":"2025-09-23T13:30:23","guid":{"rendered":"https:\/\/podcast.rs\/hrvatska-vraca-vojni-rok-njemacka-jos-oklijeva\/"},"modified":"2026-04-27T05:35:40","modified_gmt":"2026-04-27T03:35:40","slug":"hrvatska-vraca-vojni-rok-njemacka-jos-oklijeva","status":"publish","type":"post","link":"https:\/\/podcast.rs\/en\/hrvatska-vraca-vojni-rok-njemacka-jos-oklijeva\/","title":{"rendered":"Hrvatska vra\u0107a vojni rok, Njema\u010dka jo\u0161 oklijeva"},"content":{"rendered":"<p>Hrvatska uvodi obavezni vojni rok. Od 2026. mladi\u0107i \u0107e slu\u017eiti dvomjese\u010dnu obuku u vojnim bazama, uz naknadu i radni sta\u017e. Njema\u010dka se, pak, suo\u010dena s ratom u Europi i manjkom vojnika, kre\u0107e prema modelu regrutacije i dobrovoljne slu\u017ebe. Filip Slavkovi\u0107 donosi detalje o njema\u010dkom planu pove\u0107avanja broja regruta. Maja Mari\u0107 razgovara s vojnim analiti\u010darom Marinkom Ogorcem o hrvatskoj pripremi i radi li se o sigurnosnoj nu\u017enosti ili politi\u010dkom signalu.<\/p>","protected":false},"excerpt":{"rendered":"<p>Hrvatska uvodi obavezni vojni rok. Od 2026. mladi\u0107i \u0107e slu\u017eiti dvomjese\u010dnu obuku u vojnim bazama, uz naknadu i radni sta\u017e. Njema\u010dka se, pak, suo\u010dena s ratom u Europi i manjkom vojnika, kre\u0107e prema modelu regrutacije i dobrovoljne slu\u017ebe. Filip Slavkovi\u0107 donosi detalje o njema\u010dkom planu pove\u0107avanja broja regruta. Maja Mari\u0107 razgovara s vojnim analiti\u010darom Marinkom&#8230;<\/p>","protected":false},"author":3,"featured_media":659662,"comment_status":"closed","ping_status":"closed","sticky":false,"template":"","format":"standard","meta":{"footnotes":""},"categories":[183],"tags":[],"class_list":["post-659741","post","type-post","status-publish","format-standard","has-post-thumbnail","hentry","category-cosmo"],"_links":{"self":[{"href":"https:\/\/podcast.rs\/en\/wp-json\/wp\/v2\/posts\/659741","targetHints":{"allow":["GET"]}}],"collection":[{"href":"https:\/\/podcast.rs\/en\/wp-json\/wp\/v2\/posts"}],"about":[{"href":"https:\/\/podcast.rs\/en\/wp-json\/wp\/v2\/types\/post"}],"author":[{"embeddable":true,"href":"https:\/\/podcast.rs\/en\/wp-json\/wp\/v2\/users\/3"}],"replies":[{"embeddable":true,"href":"https:\/\/podcast.rs\/en\/wp-json\/wp\/v2\/comments?post=659741"}],"version-history":[{"count":1,"href":"https:\/\/podcast.rs\/en\/wp-json\/wp\/v2\/posts\/659741\/revisions"}],"predecessor-version":[{"id":659937,"href":"https:\/\/podcast.rs\/en\/wp-json\/wp\/v2\/posts\/659741\/revisions\/659937"}],"wp:featuredmedia":[{"embeddable":true,"href":"https:\/\/podcast.rs\/en\/wp-json\/wp\/v2\/media\/659662"}],"wp:attachment":[{"href":"https:\/\/podcast.rs\/en\/wp-json\/wp\/v2\/media?parent=659741"}],"wp:term":[{"taxonomy":"category","embeddable":true,"href":"https:\/\/podcast.rs\/en\/wp-json\/wp\/v2\/categories?post=659741"},{"taxonomy":"post_tag","embeddable":true,"href":"https:\/\/podcast.rs\/en\/wp-json\/wp\/v2\/tags?post=659741"}],"curies":[{"name":"wp","href":"https:\/\/api.w.org\/{rel}","templated":true}]}}