{"id":659738,"date":"2025-09-29T15:30:43","date_gmt":"2025-09-29T13:30:43","guid":{"rendered":"https:\/\/podcast.rs\/je-li-hrvatska-skrenula-udesno\/"},"modified":"2026-04-27T05:35:40","modified_gmt":"2026-04-27T03:35:40","slug":"je-li-hrvatska-skrenula-udesno","status":"publish","type":"post","link":"https:\/\/podcast.rs\/en\/je-li-hrvatska-skrenula-udesno\/","title":{"rendered":"Je li Hrvatska skrenula udesno?"},"content":{"rendered":"<p>Zabrane festivala, normalizacija revizionisti\u010dkih narativa i daljnja podjela u dru\u0161tvu: Hrvatska iza sebe ima ljeto prepuno doga\u0111aja koji su dodatno zao\u0161trili javni diskurs u zemlji i pokrenuli pitanje odgovornosti aktualne vlade za rastu\u0107u polarizaciju. Nenad Kreizer razgovara s politi\u010dkim analiti\u010darem \u017darkom Puhovskim i reporterom Sini\u0161om Bogdani\u0107em o dru\u0161tvenoj atmosferi u Hrvatskoj i utjecaju globalnih kretanja na ova doga\u0111anja, a sve u svjetlu posljednjih nekoliko mjeseci.<\/p>","protected":false},"excerpt":{"rendered":"<p>Zabrane festivala, normalizacija revizionisti\u010dkih narativa i daljnja podjela u dru\u0161tvu: Hrvatska iza sebe ima ljeto prepuno doga\u0111aja koji su dodatno zao\u0161trili javni diskurs u zemlji i pokrenuli pitanje odgovornosti aktualne vlade za rastu\u0107u polarizaciju. Nenad Kreizer razgovara s politi\u010dkim analiti\u010darem \u017darkom Puhovskim i reporterom Sini\u0161om Bogdani\u0107em o dru\u0161tvenoj atmosferi u Hrvatskoj i utjecaju globalnih kretanja&#8230;<\/p>","protected":false},"author":3,"featured_media":659662,"comment_status":"closed","ping_status":"closed","sticky":false,"template":"","format":"standard","meta":{"footnotes":""},"categories":[183],"tags":[],"class_list":["post-659738","post","type-post","status-publish","format-standard","has-post-thumbnail","hentry","category-cosmo"],"_links":{"self":[{"href":"https:\/\/podcast.rs\/en\/wp-json\/wp\/v2\/posts\/659738","targetHints":{"allow":["GET"]}}],"collection":[{"href":"https:\/\/podcast.rs\/en\/wp-json\/wp\/v2\/posts"}],"about":[{"href":"https:\/\/podcast.rs\/en\/wp-json\/wp\/v2\/types\/post"}],"author":[{"embeddable":true,"href":"https:\/\/podcast.rs\/en\/wp-json\/wp\/v2\/users\/3"}],"replies":[{"embeddable":true,"href":"https:\/\/podcast.rs\/en\/wp-json\/wp\/v2\/comments?post=659738"}],"version-history":[{"count":1,"href":"https:\/\/podcast.rs\/en\/wp-json\/wp\/v2\/posts\/659738\/revisions"}],"predecessor-version":[{"id":659934,"href":"https:\/\/podcast.rs\/en\/wp-json\/wp\/v2\/posts\/659738\/revisions\/659934"}],"wp:featuredmedia":[{"embeddable":true,"href":"https:\/\/podcast.rs\/en\/wp-json\/wp\/v2\/media\/659662"}],"wp:attachment":[{"href":"https:\/\/podcast.rs\/en\/wp-json\/wp\/v2\/media?parent=659738"}],"wp:term":[{"taxonomy":"category","embeddable":true,"href":"https:\/\/podcast.rs\/en\/wp-json\/wp\/v2\/categories?post=659738"},{"taxonomy":"post_tag","embeddable":true,"href":"https:\/\/podcast.rs\/en\/wp-json\/wp\/v2\/tags?post=659738"}],"curies":[{"name":"wp","href":"https:\/\/api.w.org\/{rel}","templated":true}]}}