{"id":659736,"date":"2025-10-01T15:00:29","date_gmt":"2025-10-01T13:00:29","guid":{"rendered":"https:\/\/podcast.rs\/pravilo-o-zapadnom-balkanu-kako-dalje\/"},"modified":"2026-04-27T05:35:40","modified_gmt":"2026-04-27T03:35:40","slug":"pravilo-o-zapadnom-balkanu-kako-dalje","status":"publish","type":"post","link":"https:\/\/podcast.rs\/en\/pravilo-o-zapadnom-balkanu-kako-dalje\/","title":{"rendered":"Pravilo o zapadnom Balkanu &#8211; kako dalje?"},"content":{"rendered":"<p>Prije gotovo deset godina radnici iz \u0161est zemalja zapadnog Balkana dobili su priliku, u sklopu specijalnog programa njema\u010dke vlade, odlaziti na rad u Njema\u010dku. Program se pokazao uspje\u0161nim, no unato\u010d tomu je vlada u Berlinu odlu\u010dila smanjiti godi\u0161nju kvotu za radne dozvole u okviru ovog programa. Za\u0161to? O dosada\u0161njem u\u010dinku i budu\u0107nosti ovog pravila Nenad Kreizer razgovara sa \u0160ejlom Voji\u0107 iz Njema\u010dkog saveza sindikata (DGB) i reporterom Filipom Slavkovi\u0107em.<\/p>","protected":false},"excerpt":{"rendered":"<p>Prije gotovo deset godina radnici iz \u0161est zemalja zapadnog Balkana dobili su priliku, u sklopu specijalnog programa njema\u010dke vlade, odlaziti na rad u Njema\u010dku. Program se pokazao uspje\u0161nim, no unato\u010d tomu je vlada u Berlinu odlu\u010dila smanjiti godi\u0161nju kvotu za radne dozvole u okviru ovog programa. Za\u0161to? O dosada\u0161njem u\u010dinku i budu\u0107nosti ovog pravila Nenad&#8230;<\/p>","protected":false},"author":3,"featured_media":659662,"comment_status":"closed","ping_status":"closed","sticky":false,"template":"","format":"standard","meta":{"footnotes":""},"categories":[183],"tags":[],"class_list":["post-659736","post","type-post","status-publish","format-standard","has-post-thumbnail","hentry","category-cosmo"],"_links":{"self":[{"href":"https:\/\/podcast.rs\/en\/wp-json\/wp\/v2\/posts\/659736","targetHints":{"allow":["GET"]}}],"collection":[{"href":"https:\/\/podcast.rs\/en\/wp-json\/wp\/v2\/posts"}],"about":[{"href":"https:\/\/podcast.rs\/en\/wp-json\/wp\/v2\/types\/post"}],"author":[{"embeddable":true,"href":"https:\/\/podcast.rs\/en\/wp-json\/wp\/v2\/users\/3"}],"replies":[{"embeddable":true,"href":"https:\/\/podcast.rs\/en\/wp-json\/wp\/v2\/comments?post=659736"}],"version-history":[{"count":1,"href":"https:\/\/podcast.rs\/en\/wp-json\/wp\/v2\/posts\/659736\/revisions"}],"predecessor-version":[{"id":659932,"href":"https:\/\/podcast.rs\/en\/wp-json\/wp\/v2\/posts\/659736\/revisions\/659932"}],"wp:featuredmedia":[{"embeddable":true,"href":"https:\/\/podcast.rs\/en\/wp-json\/wp\/v2\/media\/659662"}],"wp:attachment":[{"href":"https:\/\/podcast.rs\/en\/wp-json\/wp\/v2\/media?parent=659736"}],"wp:term":[{"taxonomy":"category","embeddable":true,"href":"https:\/\/podcast.rs\/en\/wp-json\/wp\/v2\/categories?post=659736"},{"taxonomy":"post_tag","embeddable":true,"href":"https:\/\/podcast.rs\/en\/wp-json\/wp\/v2\/tags?post=659736"}],"curies":[{"name":"wp","href":"https:\/\/api.w.org\/{rel}","templated":true}]}}