{"id":659734,"date":"2025-10-06T15:30:58","date_gmt":"2025-10-06T13:30:58","guid":{"rendered":"https:\/\/podcast.rs\/25-godina-od-5-oktobra\/"},"modified":"2026-04-27T05:35:40","modified_gmt":"2026-04-27T03:35:40","slug":"25-godina-od-5-oktobra","status":"publish","type":"post","link":"https:\/\/podcast.rs\/en\/25-godina-od-5-oktobra\/","title":{"rendered":"25 godina od 5. oktobra"},"content":{"rendered":"<p>Dvadeset pet godina nakon 5. oktobra 2000., Srbija i dalje preispituje \u0161to je stvarno promijenjeno. U ovoj epizodi Maja Mari\u0107 razgovara s na\u0161im dopisnikom Aleksandrom Timofejevim i gostom \u017darkom Kora\u0107em, nekada\u0161njim potpredsjednikom Vlade Srbije, o naslije\u0111u revolucije, politi\u010dkim promjenama, i o tome mo\u017ee li se dana\u0161nja situacija sa studentskim prosvjedima uspore\u0111ivati, i u kojoj mjeri, s tada\u0161njim.<\/p>","protected":false},"excerpt":{"rendered":"<p>Dvadeset pet godina nakon 5. oktobra 2000., Srbija i dalje preispituje \u0161to je stvarno promijenjeno. U ovoj epizodi Maja Mari\u0107 razgovara s na\u0161im dopisnikom Aleksandrom Timofejevim i gostom \u017darkom Kora\u0107em, nekada\u0161njim potpredsjednikom Vlade Srbije, o naslije\u0111u revolucije, politi\u010dkim promjenama, i o tome mo\u017ee li se dana\u0161nja situacija sa studentskim prosvjedima uspore\u0111ivati, i u kojoj mjeri,&#8230;<\/p>","protected":false},"author":3,"featured_media":659662,"comment_status":"closed","ping_status":"closed","sticky":false,"template":"","format":"standard","meta":{"footnotes":""},"categories":[183],"tags":[],"class_list":["post-659734","post","type-post","status-publish","format-standard","has-post-thumbnail","hentry","category-cosmo"],"_links":{"self":[{"href":"https:\/\/podcast.rs\/en\/wp-json\/wp\/v2\/posts\/659734","targetHints":{"allow":["GET"]}}],"collection":[{"href":"https:\/\/podcast.rs\/en\/wp-json\/wp\/v2\/posts"}],"about":[{"href":"https:\/\/podcast.rs\/en\/wp-json\/wp\/v2\/types\/post"}],"author":[{"embeddable":true,"href":"https:\/\/podcast.rs\/en\/wp-json\/wp\/v2\/users\/3"}],"replies":[{"embeddable":true,"href":"https:\/\/podcast.rs\/en\/wp-json\/wp\/v2\/comments?post=659734"}],"version-history":[{"count":1,"href":"https:\/\/podcast.rs\/en\/wp-json\/wp\/v2\/posts\/659734\/revisions"}],"predecessor-version":[{"id":659930,"href":"https:\/\/podcast.rs\/en\/wp-json\/wp\/v2\/posts\/659734\/revisions\/659930"}],"wp:featuredmedia":[{"embeddable":true,"href":"https:\/\/podcast.rs\/en\/wp-json\/wp\/v2\/media\/659662"}],"wp:attachment":[{"href":"https:\/\/podcast.rs\/en\/wp-json\/wp\/v2\/media?parent=659734"}],"wp:term":[{"taxonomy":"category","embeddable":true,"href":"https:\/\/podcast.rs\/en\/wp-json\/wp\/v2\/categories?post=659734"},{"taxonomy":"post_tag","embeddable":true,"href":"https:\/\/podcast.rs\/en\/wp-json\/wp\/v2\/tags?post=659734"}],"curies":[{"name":"wp","href":"https:\/\/api.w.org\/{rel}","templated":true}]}}