{"id":659733,"date":"2025-10-07T16:10:57","date_gmt":"2025-10-07T14:10:57","guid":{"rendered":"https:\/\/podcast.rs\/slaveni-i-nijemci-putovanje-nasih-gena\/"},"modified":"2026-04-27T05:35:40","modified_gmt":"2026-04-27T03:35:40","slug":"slaveni-i-nijemci-putovanje-nasih-gena","status":"publish","type":"post","link":"https:\/\/podcast.rs\/en\/slaveni-i-nijemci-putovanje-nasih-gena\/","title":{"rendered":"Slaveni i Nijemci: Putovanje na\u0161ih gena"},"content":{"rendered":"<p>\u0160to znamo o vlastitim precima? Kakav odnosno \u010diji genetski kod nosimo? Jeste li sigurni? I \u0161to to govori o povijesti Europe? Nova saznanja Instituta Max Planck u Leipzigu pokazuju kako su migracije utjecale na genetsku sliku na podru\u010dju Njema\u010dke. Kakvu ulogu je igrala balkanska ruta kroz posljednjih 40.000 godina? Maja Mari\u0107 razgovara o pozadini znanstvenih istra\u017eivanja s Mariom Novakom s Instituta za antropologiju u Zagrebu. Filip Slavkovi\u0107 donosi vi\u0161e o starim Slavenima u isto\u010dnoj Njema\u010dkoj.<\/p>","protected":false},"excerpt":{"rendered":"<p>\u0160to znamo o vlastitim precima? Kakav odnosno \u010diji genetski kod nosimo? Jeste li sigurni? I \u0161to to govori o povijesti Europe? Nova saznanja Instituta Max Planck u Leipzigu pokazuju kako su migracije utjecale na genetsku sliku na podru\u010dju Njema\u010dke. Kakvu ulogu je igrala balkanska ruta kroz posljednjih 40.000 godina? Maja Mari\u0107 razgovara o pozadini znanstvenih&#8230;<\/p>","protected":false},"author":3,"featured_media":659662,"comment_status":"closed","ping_status":"closed","sticky":false,"template":"","format":"standard","meta":{"footnotes":""},"categories":[183],"tags":[],"class_list":["post-659733","post","type-post","status-publish","format-standard","has-post-thumbnail","hentry","category-cosmo"],"_links":{"self":[{"href":"https:\/\/podcast.rs\/en\/wp-json\/wp\/v2\/posts\/659733","targetHints":{"allow":["GET"]}}],"collection":[{"href":"https:\/\/podcast.rs\/en\/wp-json\/wp\/v2\/posts"}],"about":[{"href":"https:\/\/podcast.rs\/en\/wp-json\/wp\/v2\/types\/post"}],"author":[{"embeddable":true,"href":"https:\/\/podcast.rs\/en\/wp-json\/wp\/v2\/users\/3"}],"replies":[{"embeddable":true,"href":"https:\/\/podcast.rs\/en\/wp-json\/wp\/v2\/comments?post=659733"}],"version-history":[{"count":1,"href":"https:\/\/podcast.rs\/en\/wp-json\/wp\/v2\/posts\/659733\/revisions"}],"predecessor-version":[{"id":659929,"href":"https:\/\/podcast.rs\/en\/wp-json\/wp\/v2\/posts\/659733\/revisions\/659929"}],"wp:featuredmedia":[{"embeddable":true,"href":"https:\/\/podcast.rs\/en\/wp-json\/wp\/v2\/media\/659662"}],"wp:attachment":[{"href":"https:\/\/podcast.rs\/en\/wp-json\/wp\/v2\/media?parent=659733"}],"wp:term":[{"taxonomy":"category","embeddable":true,"href":"https:\/\/podcast.rs\/en\/wp-json\/wp\/v2\/categories?post=659733"},{"taxonomy":"post_tag","embeddable":true,"href":"https:\/\/podcast.rs\/en\/wp-json\/wp\/v2\/tags?post=659733"}],"curies":[{"name":"wp","href":"https:\/\/api.w.org\/{rel}","templated":true}]}}