{"id":659731,"date":"2025-10-09T15:30:59","date_gmt":"2025-10-09T13:30:59","guid":{"rendered":"https:\/\/podcast.rs\/100-godina-od-rodjenja-bore-rokovica-tvoj-korzo\/"},"modified":"2026-04-27T05:35:40","modified_gmt":"2026-04-27T03:35:40","slug":"100-godina-od-rodjenja-bore-rokovica-tvoj-korzo","status":"publish","type":"post","link":"https:\/\/podcast.rs\/en\/100-godina-od-rodjenja-bore-rokovica-tvoj-korzo\/","title":{"rendered":"100 godina od ro\u0111enja Bore Rokovi\u0107a &#8211; Tvoj Korzo"},"content":{"rendered":"<p>Ove godine obele\u017eava se stogodi\u0161njica ro\u0111enja \u010duvenog jazz pijaniste, kompozitora i aran\u017eera Borislava Bore Rokovi\u0107a, koji je bio dogogodi\u0161nji \u010dlan \u010duvenog WDR Big Banda. Njegova k\u0107erka, novinarka Maja Rokovi\u0107, koja \u017eivi u Kelnu, u razgovoru sa Borisom Rabrenovi\u0107em otkriva \u0161ta ovogodi\u0161nji Beogradski Jazz Festival priprema u \u010dast njenog oca Bore Rokovi\u0107a, ali i mnoge druge zanimljivosti iz njegovog \u017eivota. Od kolege Zorana \u0106ati\u0107a saznajemo kakvih novosti ima na muzi\u010dkoj sceni Bosne i Hercegovine.<\/p>","protected":false},"excerpt":{"rendered":"<p>Ove godine obele\u017eava se stogodi\u0161njica ro\u0111enja \u010duvenog jazz pijaniste, kompozitora i aran\u017eera Borislava Bore Rokovi\u0107a, koji je bio dogogodi\u0161nji \u010dlan \u010duvenog WDR Big Banda. Njegova k\u0107erka, novinarka Maja Rokovi\u0107, koja \u017eivi u Kelnu, u razgovoru sa Borisom Rabrenovi\u0107em otkriva \u0161ta ovogodi\u0161nji Beogradski Jazz Festival priprema u \u010dast njenog oca Bore Rokovi\u0107a, ali i mnoge druge&#8230;<\/p>","protected":false},"author":3,"featured_media":659662,"comment_status":"closed","ping_status":"closed","sticky":false,"template":"","format":"standard","meta":{"footnotes":""},"categories":[183],"tags":[],"class_list":["post-659731","post","type-post","status-publish","format-standard","has-post-thumbnail","hentry","category-cosmo"],"_links":{"self":[{"href":"https:\/\/podcast.rs\/en\/wp-json\/wp\/v2\/posts\/659731","targetHints":{"allow":["GET"]}}],"collection":[{"href":"https:\/\/podcast.rs\/en\/wp-json\/wp\/v2\/posts"}],"about":[{"href":"https:\/\/podcast.rs\/en\/wp-json\/wp\/v2\/types\/post"}],"author":[{"embeddable":true,"href":"https:\/\/podcast.rs\/en\/wp-json\/wp\/v2\/users\/3"}],"replies":[{"embeddable":true,"href":"https:\/\/podcast.rs\/en\/wp-json\/wp\/v2\/comments?post=659731"}],"version-history":[{"count":1,"href":"https:\/\/podcast.rs\/en\/wp-json\/wp\/v2\/posts\/659731\/revisions"}],"predecessor-version":[{"id":659927,"href":"https:\/\/podcast.rs\/en\/wp-json\/wp\/v2\/posts\/659731\/revisions\/659927"}],"wp:featuredmedia":[{"embeddable":true,"href":"https:\/\/podcast.rs\/en\/wp-json\/wp\/v2\/media\/659662"}],"wp:attachment":[{"href":"https:\/\/podcast.rs\/en\/wp-json\/wp\/v2\/media?parent=659731"}],"wp:term":[{"taxonomy":"category","embeddable":true,"href":"https:\/\/podcast.rs\/en\/wp-json\/wp\/v2\/categories?post=659731"},{"taxonomy":"post_tag","embeddable":true,"href":"https:\/\/podcast.rs\/en\/wp-json\/wp\/v2\/tags?post=659731"}],"curies":[{"name":"wp","href":"https:\/\/api.w.org\/{rel}","templated":true}]}}