{"id":659730,"date":"2025-10-10T15:30:11","date_gmt":"2025-10-10T13:30:11","guid":{"rendered":"https:\/\/podcast.rs\/neven-subotic-ko-kaze-da-je-utakmica-gotova\/"},"modified":"2026-04-27T05:35:40","modified_gmt":"2026-04-27T03:35:40","slug":"neven-subotic-ko-kaze-da-je-utakmica-gotova","status":"publish","type":"post","link":"https:\/\/podcast.rs\/en\/neven-subotic-ko-kaze-da-je-utakmica-gotova\/","title":{"rendered":"Neven Suboti\u0107: Ko ka\u017ee da je utakmica gotova?"},"content":{"rendered":"<p>Biv\u0161a zvezda Borussije Dortmund, prvak Bundeslige i reprezentativac Srbije govori o \u017eivotu posle profesionalnog fudbala \u2014 na maternjem jeziku na kojem retko govori pred kamerama. Za nas je napravio izuzetak \u0161to je razgovoru s Damirom Ba\u0161i\u0107em dalo posebnu atmosferu i otvorilo neo\u010dekivane uvide: od sportske karijere i migrantske biografije do rada njegove fondacije \u201ewell:fair\u201c u isto\u010dnoj Africi! Du\u017eu verziju razgovora u video formatu potra\u017eite na na\u0161oj internet stranici ili putem Facebooka!<\/p>","protected":false},"excerpt":{"rendered":"<p>Biv\u0161a zvezda Borussije Dortmund, prvak Bundeslige i reprezentativac Srbije govori o \u017eivotu posle profesionalnog fudbala \u2014 na maternjem jeziku na kojem retko govori pred kamerama. Za nas je napravio izuzetak \u0161to je razgovoru s Damirom Ba\u0161i\u0107em dalo posebnu atmosferu i otvorilo neo\u010dekivane uvide: od sportske karijere i migrantske biografije do rada njegove fondacije \u201ewell:fair\u201c u&#8230;<\/p>","protected":false},"author":3,"featured_media":659662,"comment_status":"closed","ping_status":"closed","sticky":false,"template":"","format":"standard","meta":{"footnotes":""},"categories":[183],"tags":[],"class_list":["post-659730","post","type-post","status-publish","format-standard","has-post-thumbnail","hentry","category-cosmo"],"_links":{"self":[{"href":"https:\/\/podcast.rs\/en\/wp-json\/wp\/v2\/posts\/659730","targetHints":{"allow":["GET"]}}],"collection":[{"href":"https:\/\/podcast.rs\/en\/wp-json\/wp\/v2\/posts"}],"about":[{"href":"https:\/\/podcast.rs\/en\/wp-json\/wp\/v2\/types\/post"}],"author":[{"embeddable":true,"href":"https:\/\/podcast.rs\/en\/wp-json\/wp\/v2\/users\/3"}],"replies":[{"embeddable":true,"href":"https:\/\/podcast.rs\/en\/wp-json\/wp\/v2\/comments?post=659730"}],"version-history":[{"count":1,"href":"https:\/\/podcast.rs\/en\/wp-json\/wp\/v2\/posts\/659730\/revisions"}],"predecessor-version":[{"id":659926,"href":"https:\/\/podcast.rs\/en\/wp-json\/wp\/v2\/posts\/659730\/revisions\/659926"}],"wp:featuredmedia":[{"embeddable":true,"href":"https:\/\/podcast.rs\/en\/wp-json\/wp\/v2\/media\/659662"}],"wp:attachment":[{"href":"https:\/\/podcast.rs\/en\/wp-json\/wp\/v2\/media?parent=659730"}],"wp:term":[{"taxonomy":"category","embeddable":true,"href":"https:\/\/podcast.rs\/en\/wp-json\/wp\/v2\/categories?post=659730"},{"taxonomy":"post_tag","embeddable":true,"href":"https:\/\/podcast.rs\/en\/wp-json\/wp\/v2\/tags?post=659730"}],"curies":[{"name":"wp","href":"https:\/\/api.w.org\/{rel}","templated":true}]}}