{"id":659729,"date":"2025-10-13T15:45:23","date_gmt":"2025-10-13T13:45:23","guid":{"rendered":"https:\/\/podcast.rs\/lokalni-izbori-na-kosovu-pomak-u-dobrom-smeru\/"},"modified":"2026-04-27T05:35:40","modified_gmt":"2026-04-27T03:35:40","slug":"lokalni-izbori-na-kosovu-pomak-u-dobrom-smeru","status":"publish","type":"post","link":"https:\/\/podcast.rs\/en\/lokalni-izbori-na-kosovu-pomak-u-dobrom-smeru\/","title":{"rendered":"Lokalni izbori na Kosovu &#8211; pomak u dobrom smeru?"},"content":{"rendered":"<p>Na komunalnim izborima na Kosovu \u201enema ni pobednika ni gubitnika\u201c sla\u017eu se i albanski i srpski analiti\u010dari. Najve\u0107a vest je da su Srbi na severu Kosova iza\u0161li na izbore i time se vratili u politi\u010dki proces zemlje. To bi mogao biti znak normalizacije i pomaka s mrtve ta\u010dke. Ubrzo prevremeni parlamentarni izbori? Nenad Kreizer razgovara s politikologom Ognjenom Gogi\u0107em i reporterkom Violetom Oro\u0161i o mogu\u0107im posledicama izbora na politi\u010dku budu\u0107nost Kosova i nastavka dijaloga Beograda i Pri\u0161tine.<\/p>","protected":false},"excerpt":{"rendered":"<p>Na komunalnim izborima na Kosovu \u201enema ni pobednika ni gubitnika\u201c sla\u017eu se i albanski i srpski analiti\u010dari. Najve\u0107a vest je da su Srbi na severu Kosova iza\u0161li na izbore i time se vratili u politi\u010dki proces zemlje. To bi mogao biti znak normalizacije i pomaka s mrtve ta\u010dke. Ubrzo prevremeni parlamentarni izbori? Nenad Kreizer razgovara&#8230;<\/p>","protected":false},"author":3,"featured_media":659662,"comment_status":"closed","ping_status":"closed","sticky":false,"template":"","format":"standard","meta":{"footnotes":""},"categories":[183],"tags":[],"class_list":["post-659729","post","type-post","status-publish","format-standard","has-post-thumbnail","hentry","category-cosmo"],"_links":{"self":[{"href":"https:\/\/podcast.rs\/en\/wp-json\/wp\/v2\/posts\/659729","targetHints":{"allow":["GET"]}}],"collection":[{"href":"https:\/\/podcast.rs\/en\/wp-json\/wp\/v2\/posts"}],"about":[{"href":"https:\/\/podcast.rs\/en\/wp-json\/wp\/v2\/types\/post"}],"author":[{"embeddable":true,"href":"https:\/\/podcast.rs\/en\/wp-json\/wp\/v2\/users\/3"}],"replies":[{"embeddable":true,"href":"https:\/\/podcast.rs\/en\/wp-json\/wp\/v2\/comments?post=659729"}],"version-history":[{"count":1,"href":"https:\/\/podcast.rs\/en\/wp-json\/wp\/v2\/posts\/659729\/revisions"}],"predecessor-version":[{"id":659925,"href":"https:\/\/podcast.rs\/en\/wp-json\/wp\/v2\/posts\/659729\/revisions\/659925"}],"wp:featuredmedia":[{"embeddable":true,"href":"https:\/\/podcast.rs\/en\/wp-json\/wp\/v2\/media\/659662"}],"wp:attachment":[{"href":"https:\/\/podcast.rs\/en\/wp-json\/wp\/v2\/media?parent=659729"}],"wp:term":[{"taxonomy":"category","embeddable":true,"href":"https:\/\/podcast.rs\/en\/wp-json\/wp\/v2\/categories?post=659729"},{"taxonomy":"post_tag","embeddable":true,"href":"https:\/\/podcast.rs\/en\/wp-json\/wp\/v2\/tags?post=659729"}],"curies":[{"name":"wp","href":"https:\/\/api.w.org\/{rel}","templated":true}]}}