{"id":659727,"date":"2025-10-15T15:30:25","date_gmt":"2025-10-15T13:30:25","guid":{"rendered":"https:\/\/podcast.rs\/novac-za-gradjane-nuzna-reforma-ili-populizam\/"},"modified":"2026-04-27T05:35:39","modified_gmt":"2026-04-27T03:35:39","slug":"novac-za-gradjane-nuzna-reforma-ili-populizam","status":"publish","type":"post","link":"https:\/\/podcast.rs\/en\/novac-za-gradjane-nuzna-reforma-ili-populizam\/","title":{"rendered":"\u201eNovac za gra\u0111ane\u201c \u2013 nu\u017ena reforma ili populizam?"},"content":{"rendered":"<p>B\u00fcrgergeld dobio samo novo ime? Vlada Friedricha Merza proglasila je reformu sustava socijalne pomo\u0107i kao jednu od najva\u017enijih zada\u0107a ovog mandata.Tako bi se B\u00fcrgergeld ubudu\u0107e trebao zvati Grundsicherung. Koje dodatne kazne prijete onima koji ne sura\u0111uju s uredom za zapo\u0161ljavanje? O tome i pozadini politi\u010dke reforme Nenad Kreizer razgovara sa reporterom Filipom Slavkovi\u0107em. Kome je namjenjena pomo\u0107 a ko \u0107e biti najvi\u0161e pogo\u0111en otkriva nam socijalni radnik Ljup\u010de Temelkovski iz Berlina.<\/p>","protected":false},"excerpt":{"rendered":"<p>B\u00fcrgergeld dobio samo novo ime? Vlada Friedricha Merza proglasila je reformu sustava socijalne pomo\u0107i kao jednu od najva\u017enijih zada\u0107a ovog mandata.Tako bi se B\u00fcrgergeld ubudu\u0107e trebao zvati Grundsicherung. Koje dodatne kazne prijete onima koji ne sura\u0111uju s uredom za zapo\u0161ljavanje? O tome i pozadini politi\u010dke reforme Nenad Kreizer razgovara sa reporterom Filipom Slavkovi\u0107em. Kome je&#8230;<\/p>","protected":false},"author":3,"featured_media":659662,"comment_status":"closed","ping_status":"closed","sticky":false,"template":"","format":"standard","meta":{"footnotes":""},"categories":[183],"tags":[],"class_list":["post-659727","post","type-post","status-publish","format-standard","has-post-thumbnail","hentry","category-cosmo"],"_links":{"self":[{"href":"https:\/\/podcast.rs\/en\/wp-json\/wp\/v2\/posts\/659727","targetHints":{"allow":["GET"]}}],"collection":[{"href":"https:\/\/podcast.rs\/en\/wp-json\/wp\/v2\/posts"}],"about":[{"href":"https:\/\/podcast.rs\/en\/wp-json\/wp\/v2\/types\/post"}],"author":[{"embeddable":true,"href":"https:\/\/podcast.rs\/en\/wp-json\/wp\/v2\/users\/3"}],"replies":[{"embeddable":true,"href":"https:\/\/podcast.rs\/en\/wp-json\/wp\/v2\/comments?post=659727"}],"version-history":[{"count":1,"href":"https:\/\/podcast.rs\/en\/wp-json\/wp\/v2\/posts\/659727\/revisions"}],"predecessor-version":[{"id":659923,"href":"https:\/\/podcast.rs\/en\/wp-json\/wp\/v2\/posts\/659727\/revisions\/659923"}],"wp:featuredmedia":[{"embeddable":true,"href":"https:\/\/podcast.rs\/en\/wp-json\/wp\/v2\/media\/659662"}],"wp:attachment":[{"href":"https:\/\/podcast.rs\/en\/wp-json\/wp\/v2\/media?parent=659727"}],"wp:term":[{"taxonomy":"category","embeddable":true,"href":"https:\/\/podcast.rs\/en\/wp-json\/wp\/v2\/categories?post=659727"},{"taxonomy":"post_tag","embeddable":true,"href":"https:\/\/podcast.rs\/en\/wp-json\/wp\/v2\/tags?post=659727"}],"curies":[{"name":"wp","href":"https:\/\/api.w.org\/{rel}","templated":true}]}}