{"id":659717,"date":"2025-11-03T16:30:09","date_gmt":"2025-11-03T14:30:09","guid":{"rendered":"https:\/\/podcast.rs\/novi-sad-i-njemacka-protesti-ne-prestaju\/"},"modified":"2026-04-27T05:35:39","modified_gmt":"2026-04-27T03:35:39","slug":"novi-sad-i-njemacka-protesti-ne-prestaju","status":"publish","type":"post","link":"https:\/\/podcast.rs\/en\/novi-sad-i-njemacka-protesti-ne-prestaju\/","title":{"rendered":"Novi Sad i Njema\u010dka &#8211; protesti ne prestaju"},"content":{"rendered":"<p>Godinu dana nakon uru\u0161avanja nadstre\u0161nice u Novom Sadu, u kojem je poginulo 16 ljudi, Srbija i dalje tuguje i prosvjeduje. A predsjednik Aleksandar Vu\u010di\u0107? Nakon velike komemoracije na dan tragedije do\u0161lo je do sukoba izme\u0111u antivladinih demonstranata i pristalica vlasti i policije u Beogradu. \u0160to se to\u010dno desilo? Vi\u0161e o tome od Maje Mari\u0107 i reporterke Jelene Djuki\u0107-Peji\u0107. Nenad Kreizer govori o podr\u0161ci prosvjednika u dijaspori, to\u010dnije na ulicama Berlina. A u Dortmundu na Trgu Novog Sada?<\/p>","protected":false},"excerpt":{"rendered":"<p>Godinu dana nakon uru\u0161avanja nadstre\u0161nice u Novom Sadu, u kojem je poginulo 16 ljudi, Srbija i dalje tuguje i prosvjeduje. A predsjednik Aleksandar Vu\u010di\u0107? Nakon velike komemoracije na dan tragedije do\u0161lo je do sukoba izme\u0111u antivladinih demonstranata i pristalica vlasti i policije u Beogradu. \u0160to se to\u010dno desilo? Vi\u0161e o tome od Maje Mari\u0107 i&#8230;<\/p>","protected":false},"author":3,"featured_media":659662,"comment_status":"closed","ping_status":"closed","sticky":false,"template":"","format":"standard","meta":{"footnotes":""},"categories":[183],"tags":[],"class_list":["post-659717","post","type-post","status-publish","format-standard","has-post-thumbnail","hentry","category-cosmo"],"_links":{"self":[{"href":"https:\/\/podcast.rs\/en\/wp-json\/wp\/v2\/posts\/659717","targetHints":{"allow":["GET"]}}],"collection":[{"href":"https:\/\/podcast.rs\/en\/wp-json\/wp\/v2\/posts"}],"about":[{"href":"https:\/\/podcast.rs\/en\/wp-json\/wp\/v2\/types\/post"}],"author":[{"embeddable":true,"href":"https:\/\/podcast.rs\/en\/wp-json\/wp\/v2\/users\/3"}],"replies":[{"embeddable":true,"href":"https:\/\/podcast.rs\/en\/wp-json\/wp\/v2\/comments?post=659717"}],"version-history":[{"count":1,"href":"https:\/\/podcast.rs\/en\/wp-json\/wp\/v2\/posts\/659717\/revisions"}],"predecessor-version":[{"id":659913,"href":"https:\/\/podcast.rs\/en\/wp-json\/wp\/v2\/posts\/659717\/revisions\/659913"}],"wp:featuredmedia":[{"embeddable":true,"href":"https:\/\/podcast.rs\/en\/wp-json\/wp\/v2\/media\/659662"}],"wp:attachment":[{"href":"https:\/\/podcast.rs\/en\/wp-json\/wp\/v2\/media?parent=659717"}],"wp:term":[{"taxonomy":"category","embeddable":true,"href":"https:\/\/podcast.rs\/en\/wp-json\/wp\/v2\/categories?post=659717"},{"taxonomy":"post_tag","embeddable":true,"href":"https:\/\/podcast.rs\/en\/wp-json\/wp\/v2\/tags?post=659717"}],"curies":[{"name":"wp","href":"https:\/\/api.w.org\/{rel}","templated":true}]}}