{"id":659699,"date":"2025-12-03T16:35:48","date_gmt":"2025-12-03T14:35:48","guid":{"rendered":"https:\/\/podcast.rs\/zivot-s-invaliditetom-u-njemackoj\/"},"modified":"2026-04-27T05:35:38","modified_gmt":"2026-04-27T03:35:38","slug":"zivot-s-invaliditetom-u-njemackoj","status":"publish","type":"post","link":"https:\/\/podcast.rs\/en\/zivot-s-invaliditetom-u-njemackoj\/","title":{"rendered":"\u017divot s invaliditetom u Njema\u010dkoj?"},"content":{"rendered":"<p>U Njema\u010dkoj \u017eivi gotovo osam milijuna ljudi s te\u0161kim invaliditetom \u2013 ali statistike su samo po\u010detak pri\u010de. Govorimo o preprekama u Berlinu i svakodnevnim barijerama koje mnogi i ne vide. Zatim o digitalnoj isklju\u010denosti, te jeziku, koji mo\u017ee biti uvredljiv. Povodom Me\u0111unarodnog dana osoba s invaliditetom Maja Mari\u0107, izme\u0111u ostalog, razgovara s Danijelom Bari\u010devi\u0107em o tome \u0161to zna\u010di \u017eivjeti u dru\u0161tvu koje jo\u0161 uvijek nije u potpunosti inkluzivno. \u0160to bi svatko od nas mogao u\u010diniti da bude bolje?<\/p>","protected":false},"excerpt":{"rendered":"<p>U Njema\u010dkoj \u017eivi gotovo osam milijuna ljudi s te\u0161kim invaliditetom \u2013 ali statistike su samo po\u010detak pri\u010de. Govorimo o preprekama u Berlinu i svakodnevnim barijerama koje mnogi i ne vide. Zatim o digitalnoj isklju\u010denosti, te jeziku, koji mo\u017ee biti uvredljiv. Povodom Me\u0111unarodnog dana osoba s invaliditetom Maja Mari\u0107, izme\u0111u ostalog, razgovara s Danijelom Bari\u010devi\u0107em o&#8230;<\/p>","protected":false},"author":3,"featured_media":659662,"comment_status":"closed","ping_status":"closed","sticky":false,"template":"","format":"standard","meta":{"footnotes":""},"categories":[183],"tags":[],"class_list":["post-659699","post","type-post","status-publish","format-standard","has-post-thumbnail","hentry","category-cosmo"],"_links":{"self":[{"href":"https:\/\/podcast.rs\/en\/wp-json\/wp\/v2\/posts\/659699","targetHints":{"allow":["GET"]}}],"collection":[{"href":"https:\/\/podcast.rs\/en\/wp-json\/wp\/v2\/posts"}],"about":[{"href":"https:\/\/podcast.rs\/en\/wp-json\/wp\/v2\/types\/post"}],"author":[{"embeddable":true,"href":"https:\/\/podcast.rs\/en\/wp-json\/wp\/v2\/users\/3"}],"replies":[{"embeddable":true,"href":"https:\/\/podcast.rs\/en\/wp-json\/wp\/v2\/comments?post=659699"}],"version-history":[{"count":1,"href":"https:\/\/podcast.rs\/en\/wp-json\/wp\/v2\/posts\/659699\/revisions"}],"predecessor-version":[{"id":659895,"href":"https:\/\/podcast.rs\/en\/wp-json\/wp\/v2\/posts\/659699\/revisions\/659895"}],"wp:featuredmedia":[{"embeddable":true,"href":"https:\/\/podcast.rs\/en\/wp-json\/wp\/v2\/media\/659662"}],"wp:attachment":[{"href":"https:\/\/podcast.rs\/en\/wp-json\/wp\/v2\/media?parent=659699"}],"wp:term":[{"taxonomy":"category","embeddable":true,"href":"https:\/\/podcast.rs\/en\/wp-json\/wp\/v2\/categories?post=659699"},{"taxonomy":"post_tag","embeddable":true,"href":"https:\/\/podcast.rs\/en\/wp-json\/wp\/v2\/tags?post=659699"}],"curies":[{"name":"wp","href":"https:\/\/api.w.org\/{rel}","templated":true}]}}