{"id":659682,"date":"2026-01-12T16:00:40","date_gmt":"2026-01-12T14:00:40","guid":{"rendered":"https:\/\/podcast.rs\/nevreme-u-evropi-haos-u-bih-institucije-opet-nespremne\/"},"modified":"2026-04-29T12:04:20","modified_gmt":"2026-04-29T10:04:20","slug":"nevreme-u-evropi-haos-u-bih-institucije-opet-nespremne","status":"publish","type":"post","link":"https:\/\/podcast.rs\/en\/nevreme-u-evropi-haos-u-bih-institucije-opet-nespremne\/","title":{"rendered":"Nevreme u Evropi, haos u BiH: institucije opet nespremne"},"content":{"rendered":"<p>Velike vremenske nepogode pogodile su Evropu, od ledene ki\u0161e u Nema\u010dkoj i zatvorenih \u0161kola do snega i poplava u regionu. U Bosni i Hercegovini, me\u0111utim, ponavlja se stari problem \u2013 nespremnost institucija. Gradovi su zameteni, sela odse\u010dena, odgovornost se prebacuje. O tome za\u0161to BiH iz godine u godinu nespremno do\u010dekuje nepogode Boris Rabrenovi\u0107 u ovom izdanju podkastu razgovara sa sarajevskim dopisnikom Amirom Su\u017enjem i in\u017eenjerom Fuadom Babi\u0107em.<\/p>","protected":false},"excerpt":{"rendered":"<p>Velike vremenske nepogode pogodile su Evropu, od ledene ki\u0161e u Nema\u010dkoj i zatvorenih \u0161kola do snega i poplava u regionu. U Bosni i Hercegovini, me\u0111utim, ponavlja se stari problem \u2013 nespremnost institucija. Gradovi su zameteni, sela odse\u010dena, odgovornost se prebacuje. O tome za\u0161to BiH iz godine u godinu nespremno do\u010dekuje nepogode Boris Rabrenovi\u0107 u ovom&#8230;<\/p>","protected":false},"author":3,"featured_media":659662,"comment_status":"closed","ping_status":"closed","sticky":false,"template":"","format":"standard","meta":{"footnotes":""},"categories":[183],"tags":[],"class_list":["post-659682","post","type-post","status-publish","format-standard","has-post-thumbnail","hentry","category-cosmo"],"_links":{"self":[{"href":"https:\/\/podcast.rs\/en\/wp-json\/wp\/v2\/posts\/659682","targetHints":{"allow":["GET"]}}],"collection":[{"href":"https:\/\/podcast.rs\/en\/wp-json\/wp\/v2\/posts"}],"about":[{"href":"https:\/\/podcast.rs\/en\/wp-json\/wp\/v2\/types\/post"}],"author":[{"embeddable":true,"href":"https:\/\/podcast.rs\/en\/wp-json\/wp\/v2\/users\/3"}],"replies":[{"embeddable":true,"href":"https:\/\/podcast.rs\/en\/wp-json\/wp\/v2\/comments?post=659682"}],"version-history":[{"count":1,"href":"https:\/\/podcast.rs\/en\/wp-json\/wp\/v2\/posts\/659682\/revisions"}],"predecessor-version":[{"id":659879,"href":"https:\/\/podcast.rs\/en\/wp-json\/wp\/v2\/posts\/659682\/revisions\/659879"}],"wp:featuredmedia":[{"embeddable":true,"href":"https:\/\/podcast.rs\/en\/wp-json\/wp\/v2\/media\/659662"}],"wp:attachment":[{"href":"https:\/\/podcast.rs\/en\/wp-json\/wp\/v2\/media?parent=659682"}],"wp:term":[{"taxonomy":"category","embeddable":true,"href":"https:\/\/podcast.rs\/en\/wp-json\/wp\/v2\/categories?post=659682"},{"taxonomy":"post_tag","embeddable":true,"href":"https:\/\/podcast.rs\/en\/wp-json\/wp\/v2\/tags?post=659682"}],"curies":[{"name":"wp","href":"https:\/\/api.w.org\/{rel}","templated":true}]}}