{"id":658739,"date":"2025-02-25T09:28:00","date_gmt":"2026-02-08T12:57:37","guid":{"rendered":"https:\/\/podcast.rs\/da-li-skole-gube-decu-ili-deca-gube-skole-andreja-pavlovic-super-profa\/"},"modified":"2026-04-30T20:04:17","modified_gmt":"2026-04-30T18:04:17","slug":"da-li-skole-gube-decu-ili-deca-gube-skole-andreja-pavlovic-super-profa","status":"publish","type":"post","link":"https:\/\/podcast.rs\/en\/da-li-skole-gube-decu-ili-deca-gube-skole-andreja-pavlovic-super-profa\/","title":{"rendered":"Da li \u0161kole gube decu ili deca gube \u0161kole &#8211; Andreja Pavlovi\u0107, Super Profa"},"content":{"rendered":"<p>Kako funkcioni\u0161u \u0161kole u doba \u0161trajka? Da li u\u010denici gube godinu ili dr\u017eava gubi obrazovane generacije?<\/p>\n<p>U novoj epizodi @Analogija-podkast, gost je Andrija Pavlovi\u0107, poznat kao Super profa, nastavnik matematike i informatike koji svojim inovativnim pristupom obrazovanju okuplja hiljade pratilaca na dru\u0161tvenim mre\u017eama.<\/p>\n<p>Razgovaramo o tome:<\/p>\n<p>\ud83d\udd39 Za\u0161to profesori \u0161trajkuju i kome to najvi\u0161e \u0161teti?<\/p>\n<p>\ud83d\udd39 Da li je realno da u\u010denici izgube godinu?<\/p>\n<p>\ud83d\udd39 Kako obrazovni sistem mo\u017ee postati bolje mesto za decu i nastavnike?<\/p>\n<p>\ud83d\udd39 \u0160ta mo\u017eemo nau\u010diti iz svetskih primera?\u201eKakvo god da je pitanje, odgovor je obrazovanje.\u201c \u2013 poru\u010duje Pavlovi\u0107.<\/p>\n<p>\ud83d\udce2 Poslu\u0161ajte razgovor i pridru\u017eite se diskusiji u komentarima!<\/p>\n<p>\ud83d\udd14 uklju\u010dite notifikacije za nove epizode<\/p>\n<\/p>\n<p>#Analogija #SuperProfa #\u0160trajkProsvetara #Obrazovanje #Podcast #podkast #analogijapodcast #analogijapodkast #anamanojlovic #skole <\/p>","protected":false},"excerpt":{"rendered":"<p>Kako funkcioni\u0161u \u0161kole u doba \u0161trajka? Da li u\u010denici gube godinu ili dr\u017eava gubi obrazovane generacije? U novoj epizodi @Analogija-podkast, gost je Andrija Pavlovi\u0107, poznat kao Super profa, nastavnik matematike i informatike koji svojim inovativnim pristupom obrazovanju okuplja hiljade pratilaca na dru\u0161tvenim mre\u017eama. Razgovaramo o tome: \ud83d\udd39 Za\u0161to profesori \u0161trajkuju i kome to najvi\u0161e \u0161teti?&#8230;<\/p>","protected":false},"author":3,"featured_media":93275,"comment_status":"closed","ping_status":"closed","sticky":false,"template":"","format":"standard","meta":{"footnotes":""},"categories":[564],"tags":[],"class_list":["post-658739","post","type-post","status-publish","format-standard","has-post-thumbnail","hentry","category-analogija"],"_links":{"self":[{"href":"https:\/\/podcast.rs\/en\/wp-json\/wp\/v2\/posts\/658739","targetHints":{"allow":["GET"]}}],"collection":[{"href":"https:\/\/podcast.rs\/en\/wp-json\/wp\/v2\/posts"}],"about":[{"href":"https:\/\/podcast.rs\/en\/wp-json\/wp\/v2\/types\/post"}],"author":[{"embeddable":true,"href":"https:\/\/podcast.rs\/en\/wp-json\/wp\/v2\/users\/3"}],"replies":[{"embeddable":true,"href":"https:\/\/podcast.rs\/en\/wp-json\/wp\/v2\/comments?post=658739"}],"version-history":[{"count":3,"href":"https:\/\/podcast.rs\/en\/wp-json\/wp\/v2\/posts\/658739\/revisions"}],"predecessor-version":[{"id":663277,"href":"https:\/\/podcast.rs\/en\/wp-json\/wp\/v2\/posts\/658739\/revisions\/663277"}],"wp:featuredmedia":[{"embeddable":true,"href":"https:\/\/podcast.rs\/en\/wp-json\/wp\/v2\/media\/93275"}],"wp:attachment":[{"href":"https:\/\/podcast.rs\/en\/wp-json\/wp\/v2\/media?parent=658739"}],"wp:term":[{"taxonomy":"category","embeddable":true,"href":"https:\/\/podcast.rs\/en\/wp-json\/wp\/v2\/categories?post=658739"},{"taxonomy":"post_tag","embeddable":true,"href":"https:\/\/podcast.rs\/en\/wp-json\/wp\/v2\/tags?post=658739"}],"curies":[{"name":"wp","href":"https:\/\/api.w.org\/{rel}","templated":true}]}}