{"id":656473,"date":"2026-02-05T13:04:21","date_gmt":"2026-02-05T11:04:21","guid":{"rendered":"https:\/\/podcast.rs\/prazan-spektar-veliki-potencijal-sta-su-mrtve-frekvencije\/"},"modified":"2026-02-05T13:04:21","modified_gmt":"2026-02-05T11:04:21","slug":"prazan-spektar-veliki-potencijal-sta-su-mrtve-frekvencije","status":"publish","type":"post","link":"https:\/\/podcast.rs\/en\/prazan-spektar-veliki-potencijal-sta-su-mrtve-frekvencije\/","title":{"rendered":"Prazan spektar, veliki potencijal: \u0161ta su mrtve frekvencije?"},"content":{"rendered":"<p>\ud83c\udfa7 Prazan spektar, veliki potencijal: \u0161ta su mrtve frekvencije? | TeleSrbija podcast \ud83c\udfa7 <\/p>\n<p>U ovoj epizodi TeleSrbija podkasta ulazimo u svet mrtvih frekvencija i otkrivamo \u0161ta se zapravo de\u0161ava sa radio-spektrom koji ostaje neiskori\u0161\u0107en. <\/p>\n<p>Obja\u0161njavamo \u0161ta su mrtve frekvencije, kako nastaju i koja su dva klju\u010dna razloga zbog kojih odre\u0111eni delovi spektra ostaju \u201etihi\u201c, iako imaju veliki tehnolo\u0161ki potencijal. Govorimo i o tome za\u0161to taj prostor na spektru nije iskori\u0161\u0107en \u2013 od regulatornih ograni\u010denja i za\u0161titnih pojaseva (guard band), do tehni\u010dkih i ekonomskih razloga koji uti\u010du na planiranje i dodelu frekvencija. <\/p>\n<p>Razmatramo za\u0161to se mrtve frekvencije \u010de\u0161\u0107e pojavljuju u ruralnim nego u urbanim sredinama, gde se naj\u010de\u0161\u0107e nalaze i na koje sve na\u010dine mogu da se koriste. <\/p>\n<p>U zavr\u0161nom delu epizode bavimo se savremenim re\u0161enjima poput TV White Space interneta i obja\u0161njavamo kako upravo mrtve frekvencije mogu da postanu klju\u010dni resurs za povezivanje slabo pokrivenih i udaljenih podru\u010dja, ali i va\u017ean deo budu\u0107nosti efikasnog upravljanja spektrom.<\/p>","protected":false},"excerpt":{"rendered":"<p>\ud83c\udfa7 Prazan spektar, veliki potencijal: \u0161ta su mrtve frekvencije? | TeleSrbija podcast \ud83c\udfa7 U ovoj epizodi TeleSrbija podkasta ulazimo u svet mrtvih frekvencija i otkrivamo \u0161ta se zapravo de\u0161ava sa radio-spektrom koji ostaje neiskori\u0161\u0107en. Obja\u0161njavamo \u0161ta su mrtve frekvencije, kako nastaju i koja su dva klju\u010dna razloga zbog kojih odre\u0111eni delovi spektra ostaju \u201etihi\u201c, iako&#8230;<\/p>","protected":false},"author":4,"featured_media":113407,"comment_status":"","ping_status":"closed","sticky":false,"template":"","format":"standard","meta":{"footnotes":""},"categories":[611],"tags":[],"class_list":["post-656473","post","type-post","status-publish","format-standard","has-post-thumbnail","hentry","category-telesrbija"],"_links":{"self":[{"href":"https:\/\/podcast.rs\/en\/wp-json\/wp\/v2\/posts\/656473","targetHints":{"allow":["GET"]}}],"collection":[{"href":"https:\/\/podcast.rs\/en\/wp-json\/wp\/v2\/posts"}],"about":[{"href":"https:\/\/podcast.rs\/en\/wp-json\/wp\/v2\/types\/post"}],"author":[{"embeddable":true,"href":"https:\/\/podcast.rs\/en\/wp-json\/wp\/v2\/users\/4"}],"replies":[{"embeddable":true,"href":"https:\/\/podcast.rs\/en\/wp-json\/wp\/v2\/comments?post=656473"}],"version-history":[{"count":0,"href":"https:\/\/podcast.rs\/en\/wp-json\/wp\/v2\/posts\/656473\/revisions"}],"wp:featuredmedia":[{"embeddable":true,"href":"https:\/\/podcast.rs\/en\/wp-json\/wp\/v2\/media\/113407"}],"wp:attachment":[{"href":"https:\/\/podcast.rs\/en\/wp-json\/wp\/v2\/media?parent=656473"}],"wp:term":[{"taxonomy":"category","embeddable":true,"href":"https:\/\/podcast.rs\/en\/wp-json\/wp\/v2\/categories?post=656473"},{"taxonomy":"post_tag","embeddable":true,"href":"https:\/\/podcast.rs\/en\/wp-json\/wp\/v2\/tags?post=656473"}],"curies":[{"name":"wp","href":"https:\/\/api.w.org\/{rel}","templated":true}]}}