{"id":656290,"date":"2026-02-04T18:16:00","date_gmt":"2026-02-04T17:16:00","guid":{"rendered":"https:\/\/podcast.rs\/?p=656290"},"modified":"2026-02-04T19:34:35","modified_gmt":"2026-02-04T17:34:35","slug":"131-normalni-ne-i-prihvaceni","status":"publish","type":"post","link":"https:\/\/podcast.rs\/en\/131-normalni-ne-i-prihvaceni\/","title":{"rendered":"131 &#8211; Normalni, ne i prihva\u0107eni"},"content":{"rendered":"<p>Podse\u0107amo vas da je po\u010dela sa radom i na\u0161a prodavnica na internetu: \ud83d\udecd\ufe0fDva i po psihijatra webshop \ud83d\udc49 <a target=\"_blank\" rel=\"noopener noreferrer nofollow\" href=\"https:\/\/podmedia.rs\/dva-i-po-psihijatra\/\">https:\/\/podmedia.rs\/dva-i-po-psihijatra\/<\/a> <\/p>\n<\/p>\n<p>Za\u0161to je identitet i dalje problem? Za\u0161to se razli\u010ditost u na\u0161em dru\u0161tvu do\u017eivljava kao pretnja, a ne kao \u010dinjenica? I kakvu psiholo\u0161ku cenu pla\u0107aju oni koji svakodnevno \u017eive pod pritiskom da se obja\u0161njavaju, dokazuju ili kriju ono \u0161to jesu? Danas govorimo o naj\u010de\u0161\u0107im psiholo\u0161kim problemima sa kojima se susre\u0107u pripadnici LGBTQ populacije u Srbiji, iz ugla struke i dugogodi\u0161nje terapeutske prakse. Go\u0161\u0107a psihijatra Roberta Gruji\u010di\u0107a je psiholo\u0161kinja i psihoterapeutkinja Jelena Vidi\u0107, koja kroz konkretna iskustva iz rada sa LGBTQ osobama govori o internalizovanoj stigmi, strahu od odbacivanja, porodi\u010dnim konfliktima, nedostatku podr\u0161ke, ali i o posledicama stalne dru\u0161tvene nesigurnosti: anksioznosti, depresiji i hroni\u010dnom stresu. Otvaramo teme nevidljivog nasilja, psiholo\u0161kog optere\u0107enja svakodnevice i pitanja mentalnog zdravlja u okru\u017eenju u kome se identitet stalno obja\u0161njava, \u010desto politizuje ili negira. Razli\u010ditost se u na\u0161em dru\u0161tvu retko posmatra kao li\u010dno ili ljudsko pitanje, ona se gotovo po pravilu pretvara u politi\u010dku temu, teren za ideolo\u0161ke sukobe i simboli\u010dke borbe. Istovremeno, vidljivost i prava LGBTQ osoba nisu nastali spontano, ve\u0107 su rezultat dugotrajne borbe za priznanje, sigurnost i elementarno dostojanstvo. Upravo zato \u0161to su izboreni, a ne poklonjeni, oni se \u010desto dovode u pitanje, relativizuju ili predstavljaju kao nametnuti. Pri\u010damo i o ulozi terapeuta, va\u017enosti bezbednog i neosu\u0111uju\u0107eg prostora, kao i o mehanizmima otpornosti koje LGBTQ osobe razvijaju da bi o\u010duvale psiholo\u0161ku ravnote\u017eu. Govorimo o mentalnom zdravlju, dru\u0161tvu i odgovornosti koju svi delimo. <\/p>\n<\/p>\n<p>Dodatni sadr\u017eaji su na raspolaganju i na YouTube kanalu za \u010dlanove, kao i na Patreonu. Podr\u017eite nas i pretplatite se za na\u0161e ekskluzivne sadr\u017eaje: <a target=\"_blank\" rel=\"noopener noreferrer nofollow\" href=\"https:\/\/www.patreon.com\/c\/dvaipopsihijatra\/\">https:\/\/www.patreon.com\/c\/dvaipopsihijatra\/<\/a><\/p>","protected":false},"excerpt":{"rendered":"<p>Podse\u0107amo vas da je po\u010dela sa radom i na\u0161a prodavnica na internetu: \ud83d\udecd\ufe0fDva i po psihijatra webshop \ud83d\udc49 https:\/\/podmedia.rs\/dva-i-po-psihijatra\/ Za\u0161to je identitet i dalje problem? Za\u0161to se razli\u010ditost u na\u0161em dru\u0161tvu do\u017eivljava kao pretnja, a ne kao \u010dinjenica? I kakvu psiholo\u0161ku cenu pla\u0107aju oni koji svakodnevno \u017eive pod pritiskom da se obja\u0161njavaju, dokazuju ili kriju&#8230;<\/p>","protected":false},"author":3,"featured_media":67456,"comment_status":"close","ping_status":"closed","sticky":false,"template":"","format":"audio","meta":{"footnotes":""},"categories":[493],"tags":[],"class_list":["post-656290","post","type-post","status-publish","format-audio","has-post-thumbnail","hentry","category-dva-i-po-psihijatra","post_format-post-format-audio"],"_links":{"self":[{"href":"https:\/\/podcast.rs\/en\/wp-json\/wp\/v2\/posts\/656290","targetHints":{"allow":["GET"]}}],"collection":[{"href":"https:\/\/podcast.rs\/en\/wp-json\/wp\/v2\/posts"}],"about":[{"href":"https:\/\/podcast.rs\/en\/wp-json\/wp\/v2\/types\/post"}],"author":[{"embeddable":true,"href":"https:\/\/podcast.rs\/en\/wp-json\/wp\/v2\/users\/3"}],"replies":[{"embeddable":true,"href":"https:\/\/podcast.rs\/en\/wp-json\/wp\/v2\/comments?post=656290"}],"version-history":[{"count":1,"href":"https:\/\/podcast.rs\/en\/wp-json\/wp\/v2\/posts\/656290\/revisions"}],"predecessor-version":[{"id":656291,"href":"https:\/\/podcast.rs\/en\/wp-json\/wp\/v2\/posts\/656290\/revisions\/656291"}],"wp:featuredmedia":[{"embeddable":true,"href":"https:\/\/podcast.rs\/en\/wp-json\/wp\/v2\/media\/67456"}],"wp:attachment":[{"href":"https:\/\/podcast.rs\/en\/wp-json\/wp\/v2\/media?parent=656290"}],"wp:term":[{"taxonomy":"category","embeddable":true,"href":"https:\/\/podcast.rs\/en\/wp-json\/wp\/v2\/categories?post=656290"},{"taxonomy":"post_tag","embeddable":true,"href":"https:\/\/podcast.rs\/en\/wp-json\/wp\/v2\/tags?post=656290"}],"curies":[{"name":"wp","href":"https:\/\/api.w.org\/{rel}","templated":true}]}}