{"id":656077,"date":"2026-02-03T13:43:28","date_gmt":"2026-02-03T11:43:28","guid":{"rendered":"https:\/\/podcast.rs\/specijal-sa-z20-praktikantinjama-2-zdravo-dvadesete-podcast\/"},"modified":"2026-02-03T13:43:28","modified_gmt":"2026-02-03T11:43:28","slug":"specijal-sa-z20-praktikantinjama-2-zdravo-dvadesete-podcast","status":"publish","type":"post","link":"https:\/\/podcast.rs\/en\/specijal-sa-z20-praktikantinjama-2-zdravo-dvadesete-podcast\/","title":{"rendered":"Specijal sa Z20 praktikantinjama 2 &#8211; Zdravo dvadesete podcast"},"content":{"rendered":"<p>U novoj epizodi Zdravo dvadesete podcasta, praktikantkinje Jana i Neda razgovaraju sa Janom i Tamarom o svemu onome \u0161to dvadesete \u010dini izazovnim, zbunjuju\u0107im i \u010desto neizvesnim.<br \/>\nOd odrastanja i kulture u kojoj smo formirani, preko li\u010dnih dilema i dono\u0161enja va\u017enih odluka, do kriza koje nas u dvadesetim ne zaobilaze.<br \/>\nOva epizoda je prostor za razmi\u0161ljanje naglas &#8211; o odlukama koje donosimo, putevima koje biramo i svemu onome \u0161to usput u\u010dimo o sebi.<\/p>\n<p>00:00:00 Upoznajte Janu i Nedu<br \/>\n00:02:57 \u0160ta su o sebi otkrile tokom Z20 prakse?<br \/>\n00:05:13 Pesma koja ih najbolje opisuje<br \/>\n00:09:23 Strahovi od onoga \u0161to dolazi<br \/>\n00:16:46 Lutanje i pronala\u017eenje u dvadesetim<br \/>\n00:20:55 Janino iskustvo razmene u Americi<br \/>\n00:24:00 Nedino mi\u0161ljenje o dramaturgiji<br \/>\n00:29:04 Nametnuti \u017eivotni \u201etimeline\u201c<br \/>\n00:38:33 Prijateljstva u dvadesetim godinama<br \/>\n00:51:52 Delo koje ih je uvelo u svet kulture<br \/>\n01:10:14 Nedin pristup umetni\u010dkom stvaranju<br \/>\n01:15:02 Film ili serija za krizu dvadesetih<br \/>\n01:23:44 Za\u0161to preporu\u010duju Z20 praksu?<\/p>\n<p>Pogledajte epizodu i podelite u komentarima sa kakvim se izazovima vi susre\u0107ete u dvadesetima.<\/p>\n<p>\ud83d\udce2Zdravo dvadesete na dru\u0161tvenim mre\u017eama:<br \/>\nSAJT: [https:\/\/dvadesete.rs\/]<br \/>\nINSTAGRAM: [https:\/\/www.instagram.com\/zdravodvadesete\/]<br \/>\nTIKTOK: [https:\/\/www.tiktok.com\/@zdravodvadesete]<br \/>\nFACEBOOK: [https:\/\/www.facebook.com\/ZdravoDvadesete] <\/p>\n<p>&#8222;Zdravo dvadesete&#8220; platforma je dru\u0161tveno-odgovoran projekat kompanije Galenika, namenjen studentima i publici od 18 do 29 godina sa ciljem pru\u017eanja relevantnih informacija o mentalnom i fizi\u010dkom zdravlju, kao i o svemu \u0161to direktno ili inidirektno uti\u010de na njih.<\/p>\n","protected":false},"excerpt":{"rendered":"<p>U novoj epizodi Zdravo dvadesete podcasta, prakti\u2026<\/p>","protected":false},"author":3,"featured_media":123813,"comment_status":"","ping_status":"closed","sticky":false,"template":"","format":"standard","meta":{"footnotes":""},"categories":[626],"tags":[],"class_list":["post-656077","post","type-post","status-publish","format-standard","has-post-thumbnail","hentry","category-zdravo-dvadesete"],"_links":{"self":[{"href":"https:\/\/podcast.rs\/en\/wp-json\/wp\/v2\/posts\/656077","targetHints":{"allow":["GET"]}}],"collection":[{"href":"https:\/\/podcast.rs\/en\/wp-json\/wp\/v2\/posts"}],"about":[{"href":"https:\/\/podcast.rs\/en\/wp-json\/wp\/v2\/types\/post"}],"author":[{"embeddable":true,"href":"https:\/\/podcast.rs\/en\/wp-json\/wp\/v2\/users\/3"}],"replies":[{"embeddable":true,"href":"https:\/\/podcast.rs\/en\/wp-json\/wp\/v2\/comments?post=656077"}],"version-history":[{"count":0,"href":"https:\/\/podcast.rs\/en\/wp-json\/wp\/v2\/posts\/656077\/revisions"}],"wp:featuredmedia":[{"embeddable":true,"href":"https:\/\/podcast.rs\/en\/wp-json\/wp\/v2\/media\/123813"}],"wp:attachment":[{"href":"https:\/\/podcast.rs\/en\/wp-json\/wp\/v2\/media?parent=656077"}],"wp:term":[{"taxonomy":"category","embeddable":true,"href":"https:\/\/podcast.rs\/en\/wp-json\/wp\/v2\/categories?post=656077"},{"taxonomy":"post_tag","embeddable":true,"href":"https:\/\/podcast.rs\/en\/wp-json\/wp\/v2\/tags?post=656077"}],"curies":[{"name":"wp","href":"https:\/\/api.w.org\/{rel}","templated":true}]}}