{"id":655883,"date":"2026-02-02T12:26:28","date_gmt":"2026-02-02T10:26:28","guid":{"rendered":"https:\/\/podcast.rs\/vremeplov-dan-kad-je-crkva-stala-uz-studente\/"},"modified":"2026-02-02T12:26:28","modified_gmt":"2026-02-02T10:26:28","slug":"vremeplov-dan-kad-je-crkva-stala-uz-studente","status":"publish","type":"post","link":"https:\/\/podcast.rs\/en\/vremeplov-dan-kad-je-crkva-stala-uz-studente\/","title":{"rendered":"Vremeplov: Dan kad je crkva stala uz studente"},"content":{"rendered":"<p>Januar 1997. bio je mu\u010dan i hladan. Protesti zbog kra\u0111e lokalnih izbora bili su u punom jeku. Sedam dana, policija je spre\u010davala studente da pro\u0111u kroz Kolar\u010devu ulicu. A onda je patrijarh Pavle re\u0161io da Beogradom pro\u0111e svetosavska litija, koja, ina\u010de, ne postoji. Pod pritiskom te odluke, u no\u0107i izme\u0111u 26. i 27. januara 1997. kordon se povukao, a \u201cVreme\u201d je imalo reportera na licu mesta.<\/p>","protected":false},"excerpt":{"rendered":"<p>Januar 1997. bio je mu\u010dan i hladan. Protesti zbog kra\u0111e lokalnih izbora bili su u punom jeku. Sedam dana, policija je spre\u010davala studente da pro\u0111u kroz Kolar\u010devu ulicu. A onda je patrijarh Pavle re\u0161io da Beogradom pro\u0111e svetosavska litija, koja, ina\u010de, ne postoji. Pod pritiskom te odluke, u no\u0107i izme\u0111u 26. i 27. januara 1997&#8230;.<\/p>","protected":false},"author":3,"featured_media":99146,"comment_status":"","ping_status":"closed","sticky":false,"template":"","format":"standard","meta":{"footnotes":""},"categories":[582],"tags":[],"class_list":["post-655883","post","type-post","status-publish","format-standard","has-post-thumbnail","hentry","category-ova-situacija"],"_links":{"self":[{"href":"https:\/\/podcast.rs\/en\/wp-json\/wp\/v2\/posts\/655883","targetHints":{"allow":["GET"]}}],"collection":[{"href":"https:\/\/podcast.rs\/en\/wp-json\/wp\/v2\/posts"}],"about":[{"href":"https:\/\/podcast.rs\/en\/wp-json\/wp\/v2\/types\/post"}],"author":[{"embeddable":true,"href":"https:\/\/podcast.rs\/en\/wp-json\/wp\/v2\/users\/3"}],"replies":[{"embeddable":true,"href":"https:\/\/podcast.rs\/en\/wp-json\/wp\/v2\/comments?post=655883"}],"version-history":[{"count":0,"href":"https:\/\/podcast.rs\/en\/wp-json\/wp\/v2\/posts\/655883\/revisions"}],"wp:featuredmedia":[{"embeddable":true,"href":"https:\/\/podcast.rs\/en\/wp-json\/wp\/v2\/media\/99146"}],"wp:attachment":[{"href":"https:\/\/podcast.rs\/en\/wp-json\/wp\/v2\/media?parent=655883"}],"wp:term":[{"taxonomy":"category","embeddable":true,"href":"https:\/\/podcast.rs\/en\/wp-json\/wp\/v2\/categories?post=655883"},{"taxonomy":"post_tag","embeddable":true,"href":"https:\/\/podcast.rs\/en\/wp-json\/wp\/v2\/tags?post=655883"}],"curies":[{"name":"wp","href":"https:\/\/api.w.org\/{rel}","templated":true}]}}