{"id":655309,"date":"2026-01-30T10:27:28","date_gmt":"2026-01-30T08:27:28","guid":{"rendered":"https:\/\/podcast.rs\/pritisci-na-fakultetu-problemi-u-prosveti-profesionalna-oboljenja\/"},"modified":"2026-01-30T10:27:28","modified_gmt":"2026-01-30T08:27:28","slug":"pritisci-na-fakultetu-problemi-u-prosveti-profesionalna-oboljenja","status":"publish","type":"post","link":"https:\/\/podcast.rs\/en\/pritisci-na-fakultetu-problemi-u-prosveti-profesionalna-oboljenja\/","title":{"rendered":"Pritisci na fakultetu. Problemi u prosveti. Profesionalna oboljenja"},"content":{"rendered":"<p>U rubrici Pogon slu\u0161ate intervju sa Jelenom Kleut profesorkom Filozofskog fakulteta u Novom Sadu i Milo\u0161em Perovi\u0107em, predsednikom Nezavisnog sindikata Filozofskog fakulteta o zloupotrebama procedura izbora u nastavna zvanja na ovom fakultetu. U nastavku Pogona emitujemo govor Katarine \u0160\u0107epanovi\u0107 Ostoji\u0107 iz Foruma \u0161kola Srbije i Foruma beogradskih gimnazija sa protesta koji su studentski plenumi organizovali ovog utorka, na dan svetog Save, kako bi ukazali na probleme u sistemu prosvete. U rubrici Forum slu\u0161ate deo diskusije Radni\u010dkog glasa o novom sistemu eBolovanja i kako mu se sindikat mo\u017ee suprotstaviti.<\/p>","protected":false},"excerpt":{"rendered":"<p>U rubrici Pogon slu\u0161ate intervju sa Jelenom Kleut profesorkom Filozofskog fakulteta u Novom Sadu i Milo\u0161em Perovi\u0107em, predsednikom Nezavisnog sindikata Filozofskog fakulteta o zloupotrebama procedura izbora u nastavna zvanja na ovom fakultetu. U nastavku Pogona emitujemo govor Katarine \u0160\u0107epanovi\u0107 Ostoji\u0107 iz Foruma \u0161kola Srbije i Foruma beogradskih gimnazija sa protesta koji su studentski plenumi organizovali&#8230;<\/p>","protected":false},"author":3,"featured_media":40534,"comment_status":"","ping_status":"closed","sticky":false,"template":"","format":"standard","meta":{"footnotes":""},"categories":[306],"tags":[],"class_list":["post-655309","post","type-post","status-publish","format-standard","has-post-thumbnail","hentry","category-radnicki-glas"],"_links":{"self":[{"href":"https:\/\/podcast.rs\/en\/wp-json\/wp\/v2\/posts\/655309","targetHints":{"allow":["GET"]}}],"collection":[{"href":"https:\/\/podcast.rs\/en\/wp-json\/wp\/v2\/posts"}],"about":[{"href":"https:\/\/podcast.rs\/en\/wp-json\/wp\/v2\/types\/post"}],"author":[{"embeddable":true,"href":"https:\/\/podcast.rs\/en\/wp-json\/wp\/v2\/users\/3"}],"replies":[{"embeddable":true,"href":"https:\/\/podcast.rs\/en\/wp-json\/wp\/v2\/comments?post=655309"}],"version-history":[{"count":0,"href":"https:\/\/podcast.rs\/en\/wp-json\/wp\/v2\/posts\/655309\/revisions"}],"wp:featuredmedia":[{"embeddable":true,"href":"https:\/\/podcast.rs\/en\/wp-json\/wp\/v2\/media\/40534"}],"wp:attachment":[{"href":"https:\/\/podcast.rs\/en\/wp-json\/wp\/v2\/media?parent=655309"}],"wp:term":[{"taxonomy":"category","embeddable":true,"href":"https:\/\/podcast.rs\/en\/wp-json\/wp\/v2\/categories?post=655309"},{"taxonomy":"post_tag","embeddable":true,"href":"https:\/\/podcast.rs\/en\/wp-json\/wp\/v2\/tags?post=655309"}],"curies":[{"name":"wp","href":"https:\/\/api.w.org\/{rel}","templated":true}]}}