{"id":652314,"date":"2026-01-15T12:57:09","date_gmt":"2026-01-15T10:57:09","guid":{"rendered":"https:\/\/podcast.rs\/pametan-svet-oko-nas-kako-iot-povezuje-sve-sto-koristimo\/"},"modified":"2026-01-15T12:57:09","modified_gmt":"2026-01-15T10:57:09","slug":"pametan-svet-oko-nas-kako-iot-povezuje-sve-sto-koristimo","status":"publish","type":"post","link":"https:\/\/podcast.rs\/en\/pametan-svet-oko-nas-kako-iot-povezuje-sve-sto-koristimo\/","title":{"rendered":"Pametan svet oko nas: kako IoT povezuje sve \u0161to koristimo"},"content":{"rendered":"<p>\ud83c\udfa7 Pametan svet oko nas: kako IoT povezuje sve \u0161to koristimo | TeleSrbija podcast \ud83c\udfa7 <\/p>\n<p>U novoj epizodi TeleSrbija podcasta govorimo o tome gde se sve danas koristi Internet of Things (IoT) i koliko je zapravo ve\u0107 prisutan u na\u0161em svakodnevnom \u017eivotu. <\/p>\n<p>Od pametnih domova \u2014 uti\u010dnica koje mo\u017eete da uklju\u010dite na daljinu, pametnih svetala poput Nest sistema, fri\u017eidera koji \u201eznaju\u201c \u0161ta im nedostaje, do naprednih sigurnosnih sistema koji \u010duvaju dom \u010dak i kada niste tu. Razgovaramo i o tome koliko su ovakva re\u0161enja rasprostranjena u svetu, ali i kakva je realna situacija u Srbiji \u2014 \u0161ta se koristi, a \u0161ta tek dolazi. <\/p>\n<p>Poseban deo epizode posve\u0107en je primeni IoT-a u medicini, kroz pametne satove i ure\u0111aje koji prate zdravstvene parametre u realnom vremenu, kao i pametne ku\u0107ne aparate poput robotskih usisiva\u010da koji samostalno obavljaju svakodnevne zadatke. <\/p>\n<p>Dotakli smo se i teme Smart cities \u2014 kako IoT menja gradove kroz pametno upravljanje saobra\u0107ajem, energijom, rasvetom i javnim servisima, i koliko su takva re\u0161enja primenjiva kod nas. <\/p>\n<p>Nezaobilazna tema su i rizici i slabosti IoT tehnologije \u2014 pitanja bezbednosti, privatnosti podataka, zavisnosti od mre\u017ee i potencijalnih zloupotreba, kao i koliko su korisnici zaista svesni izazova koje pametni ure\u0111aji nose sa sobom.<\/p>","protected":false},"excerpt":{"rendered":"<p>\ud83c\udfa7 Pametan svet oko nas: kako IoT povezuje sve \u0161to koristimo | TeleSrbija podcast \ud83c\udfa7 U novoj epizodi TeleSrbija podcasta govorimo o tome gde se sve danas koristi Internet of Things (IoT) i koliko je zapravo ve\u0107 prisutan u na\u0161em svakodnevnom \u017eivotu. Od pametnih domova \u2014 uti\u010dnica koje mo\u017eete da uklju\u010dite na daljinu, pametnih svetala&#8230;<\/p>","protected":false},"author":4,"featured_media":113407,"comment_status":"","ping_status":"closed","sticky":false,"template":"","format":"standard","meta":{"footnotes":""},"categories":[611],"tags":[],"class_list":["post-652314","post","type-post","status-publish","format-standard","has-post-thumbnail","hentry","category-telesrbija"],"_links":{"self":[{"href":"https:\/\/podcast.rs\/en\/wp-json\/wp\/v2\/posts\/652314","targetHints":{"allow":["GET"]}}],"collection":[{"href":"https:\/\/podcast.rs\/en\/wp-json\/wp\/v2\/posts"}],"about":[{"href":"https:\/\/podcast.rs\/en\/wp-json\/wp\/v2\/types\/post"}],"author":[{"embeddable":true,"href":"https:\/\/podcast.rs\/en\/wp-json\/wp\/v2\/users\/4"}],"replies":[{"embeddable":true,"href":"https:\/\/podcast.rs\/en\/wp-json\/wp\/v2\/comments?post=652314"}],"version-history":[{"count":0,"href":"https:\/\/podcast.rs\/en\/wp-json\/wp\/v2\/posts\/652314\/revisions"}],"wp:featuredmedia":[{"embeddable":true,"href":"https:\/\/podcast.rs\/en\/wp-json\/wp\/v2\/media\/113407"}],"wp:attachment":[{"href":"https:\/\/podcast.rs\/en\/wp-json\/wp\/v2\/media?parent=652314"}],"wp:term":[{"taxonomy":"category","embeddable":true,"href":"https:\/\/podcast.rs\/en\/wp-json\/wp\/v2\/categories?post=652314"},{"taxonomy":"post_tag","embeddable":true,"href":"https:\/\/podcast.rs\/en\/wp-json\/wp\/v2\/tags?post=652314"}],"curies":[{"name":"wp","href":"https:\/\/api.w.org\/{rel}","templated":true}]}}