{"id":651371,"date":"2026-01-10T20:00:00","date_gmt":"2026-01-10T18:00:00","guid":{"rendered":"https:\/\/podcast.rs\/almir-kurt-kugla-izjasnjavam-se-kao-bosanac-i-to-mi-je-jedini-svjetonazor-u-kontru-sa-markovinom\/"},"modified":"2026-04-28T00:35:58","modified_gmt":"2026-04-27T22:35:58","slug":"almir-kurt-kugla-izjasnjavam-se-kao-bosanac-i-to-mi-je-jedini-svjetonazor-u-kontru-sa-markovinom","status":"publish","type":"post","link":"https:\/\/podcast.rs\/en\/almir-kurt-kugla-izjasnjavam-se-kao-bosanac-i-to-mi-je-jedini-svjetonazor-u-kontru-sa-markovinom\/","title":{"rendered":"Almir Kurt Kugla: Izja\u0161njavam se kao Bosanac i to mi je jedini svjetonazor &#8211; U kontru sa Markovinom"},"content":{"rendered":"<p><a target=\"_blank\" href=\"https:\/\/www.buzzsprout.com\/2151425\/fan_mail\/new\">Send us Fan Mail<\/a><\/p>\n<p>Gost nove epizode podcasta U kontru sa Draganom Markovinom je Almir Kurt Kugla, grafi\u010dki dizajner, kreativni direktor, glumac i muzi\u010dar, \u010dovjek \u010dija se biografija prepli\u0107e s va\u017enim kulturnim i dru\u0161tvenim epohama Sarajeva i Bosne i Hercegovine.<\/p>\n<p>Po struci grafi\u010dki dizajner, Kugla ve\u0107 gotovo dvadeset godina radi kao kreativni direktor u agenciji BBDO. Paralelno s profesionalnom karijerom, iz hobija i kao li\u010dni ispu\u0161ni ventil, bavi se glumom i muzikom. Pjeva\u010d je grupe Karne, a kao glumac ostavio je trag u filmovima Ni\u010dija zemlja Danisa Tanovi\u0107a, Kad porastem bi\u0107u Kengur Radivoja Andri\u0107a i Sve d\u017eaba Antonija Nui\u0107a. \u0160ira publika pamti ga ponajprije po ulogama u serijama Lud, zbunjen, normalan i Konak kod Hilmije.<\/p>\n<p>Markovina je s Kuglom pri\u010dao o tome kako mu se razvijala karijera, o tome kako su politi\u010dke i dru\u0161tvene promjene utjecale na njega i na njegove umjetni\u010dke i \u017eivotne interese. Vratili su se u vrijeme kraja osamdesetih, njegovog tada\u0161njeg banda Sing Sing i njihovog odnosa prema naslje\u0111u Novog primitivizma kojeg nije odobravao, ponajprije zbog pora\u017eavaju\u0107eg utjecaja na jezik Sarajeva. Razgovarali su naravno i o ratu i o tome \u0161to je o\u010dekivao kad je do\u010dekao progla\u0161enje mira u uniformi na Treskavici, u decembru 1995. godine.<\/p>\n<p>Neizostavan dio razgovora je o studiju dizajna i op\u0107enito o jednom vremenu optimizma, financiranja sarajevske umjetnosti\u00a0 i velikoj kreativnoj eksploziji vidljivoj do 2005. godine. Pri\u010dali su i o stanju koje je do\u0161lo nakon toga i o ovih posljednjih 20 godina regresije.<\/p>\n<p>Zanimljiv je Kuglin odgovor na Draganovo pitanje da li je ovda\u0161nja\u00a0 kulturna scena razo\u010darana \u010dinjenicom da zapadu vi\u0161e nismo zanimljivi i da se ne podrazumijeva da su nam sva vrata otvorena zbog onoga \u0161to smo pro\u017eivjeli tokom agresije. Pitao ga je mo\u017ee li se uop\u0107e \u017eivjeti kao freelancer\u00a0 i isklju\u010divo od umjetnosti i kulture u BiH. Zatim i o filmskom svijetu i svijetu TV serija, o Ni\u010dijoj zemlji, Lud, zbunjen, normalan i Konaku kod Hilmije, projektima u kojima je u\u010destvovao.<\/p>\n<p>Dotaknuli su se i prvog AVNOJ festa koji se nedavno odr\u017eao u Jajcu i odnosa ljudi prema naslje\u0111u antifa\u0161izma, partizana i Jugoslavije. Posebno mjesto u razgovoru zauzima i p<\/p>\n<p><a rel=\"payment\" href=\"https:\/\/www.buzzsprout.com\/2151425\/support\">Support the show<\/a><\/p>\n<p>\u010citajte nas na: <a href='https:\/\/www.youtube.com\/redirect?event=video_description&amp;redir_token=QUFFLUhqbG1GOTJCYkg1aENERDhaYVQ1TFlRNGlQOFlMd3xBQ3Jtc0ttQUxLRmRtTXZsSm1mNjVaS0ZIVkt2d19fT1ZubGZkYzlSZk95T05YTUQ4RzlMWTFrTzBxaklMU3JMUzVpTGhWLXRRaUVpb29nOVFyd1J1UDM4WTBWNGVWSTRjeVI5Q0RvQ05qOUphQndLVV94RXF1RQ&amp;q=https%3A%2F%2Fwww.oslobodjenje.ba%2F&amp;v=ogUzzAgGjzE'>https:\/\/www.oslobodjenje.ba<\/a>\u00a0 \u00a0 FB :<a href='https:\/\/www.youtube.com\/redirect?event=video_description&amp;redir_token=QUFFLUhqa3VQQWdEWkQ5VlIyaXROWWpVeWxYUWNYR1ZEQXxBQ3Jtc0trTGx6UmQwTXdRLXRPNnowUGtBVmw3TzJ0QmtIb1B0ck1CT3hWU0V3a0JFOHVfMkJ1VDhTLXc4TUJXWDhWekU0UXQxYm1Va2wtM3dyQ1djTnU2djFtejBxcEg0QzJxTHhZNmpFejhCWWlRdE5YVFpwSQ&amp;q=https%3A%2F%2Fwww.facebook.com%2Foslobodjenjeba&amp;v=ogUzzAgGjzE'>https:\/\/www.facebook.com\/oslobodjenjeba<\/a>\u00a0 IG: <a href='https:\/\/www.youtube.com\/redirect?event=video_description&amp;redir_token=QUFFLUhqa1FsNjMtdmUtTS1vWUg5em5zaEpzOUdIOGhnd3xBQ3Jtc0ttdDB1SlRSVS1RTjRUZUtNODMxYnBJTnV2b0ItdjIzOEJCSVVpWXRIV1RSdmxPWC1DOFU3TVV4RmxNdW5nRkV6cE1ScXVjdTlvcDhYeEptNEszN1V1Q042eWpDOTZrTzk5ckQ1R2g3Nl9nWEt1OU5MWQ&amp;q=https%3A%2F%2Fwww.instagram.com%2Foslobodjenje.ba&amp;v=ogUzzAgGjzE'><a href=\"https:\/\/www.instagram.com\/oslobodjenj\" rel=\"nofollow\">https:\/\/www.instagram.com\/oslobodjenj<\/a>&#8230;<\/a>\u00a0 Twitter: <a href='https:\/\/www.youtube.com\/redirect?event=video_description&amp;redir_token=QUFFLUhqbVJvekE3SjJjbkVfT2xuR0ROekRPNVlfQ2EwZ3xBQ3Jtc0tsNDNVdW1ENDZqUHI3UW52S2NVU2VDcWxFLVJSczZjRnlfYjI1dHpfRERPcTJybkZJSThDME9rYVRUMk0zYnNMNFVJRktyNS0wTk9qaFVDQ2diLTBVMGl2RUxtZUFscGptYUxrbGF2X2NoRmsxdHVQOA&amp;q=https%3A%2F%2Ftwitter.com%2Foslobodjenjeba&amp;v=ogUzzAgGjzE'>&#8230;<\/a><\/p>","protected":false},"excerpt":{"rendered":"<p>Send us Fan Mail Gost nove epizode podcasta U kontru sa Draganom Markovinom je Almir Kurt Kugla, grafi\u010dki dizajner, kreativni direktor, glumac i muzi\u010dar, \u010dovjek \u010dija se biografija prepli\u0107e s va\u017enim kulturnim i dru\u0161tvenim epohama Sarajeva i Bosne i Hercegovine. Po struci grafi\u010dki dizajner, Kugla ve\u0107 gotovo dvadeset godina radi kao kreativni direktor u agenciji&#8230;<\/p>","protected":false},"author":4,"featured_media":111669,"comment_status":"closed","ping_status":"closed","sticky":false,"template":"","format":"standard","meta":{"footnotes":""},"categories":[610],"tags":[],"class_list":["post-651371","post","type-post","status-publish","format-standard","has-post-thumbnail","hentry","category-oslobodjenje-podcast"],"_links":{"self":[{"href":"https:\/\/podcast.rs\/en\/wp-json\/wp\/v2\/posts\/651371","targetHints":{"allow":["GET"]}}],"collection":[{"href":"https:\/\/podcast.rs\/en\/wp-json\/wp\/v2\/posts"}],"about":[{"href":"https:\/\/podcast.rs\/en\/wp-json\/wp\/v2\/types\/post"}],"author":[{"embeddable":true,"href":"https:\/\/podcast.rs\/en\/wp-json\/wp\/v2\/users\/4"}],"replies":[{"embeddable":true,"href":"https:\/\/podcast.rs\/en\/wp-json\/wp\/v2\/comments?post=651371"}],"version-history":[{"count":18,"href":"https:\/\/podcast.rs\/en\/wp-json\/wp\/v2\/posts\/651371\/revisions"}],"predecessor-version":[{"id":684488,"href":"https:\/\/podcast.rs\/en\/wp-json\/wp\/v2\/posts\/651371\/revisions\/684488"}],"wp:featuredmedia":[{"embeddable":true,"href":"https:\/\/podcast.rs\/en\/wp-json\/wp\/v2\/media\/111669"}],"wp:attachment":[{"href":"https:\/\/podcast.rs\/en\/wp-json\/wp\/v2\/media?parent=651371"}],"wp:term":[{"taxonomy":"category","embeddable":true,"href":"https:\/\/podcast.rs\/en\/wp-json\/wp\/v2\/categories?post=651371"},{"taxonomy":"post_tag","embeddable":true,"href":"https:\/\/podcast.rs\/en\/wp-json\/wp\/v2\/tags?post=651371"}],"curies":[{"name":"wp","href":"https:\/\/api.w.org\/{rel}","templated":true}]}}