{"id":646220,"date":"2026-01-02T20:00:01","date_gmt":"2026-01-02T18:00:01","guid":{"rendered":"https:\/\/podcast.rs\/tetke-s06e07-nova-godina-iste-tetke-feat-tam\/"},"modified":"2026-01-02T20:00:01","modified_gmt":"2026-01-02T18:00:01","slug":"tetke-s06e07-nova-godina-iste-tetke-feat-tam","status":"publish","type":"post","link":"https:\/\/podcast.rs\/en\/tetke-s06e07-nova-godina-iste-tetke-feat-tam\/","title":{"rendered":"TETKE \u2013 S06E07 \/ Nova godina \u2013 iste Tetke (feat. Tam)"},"content":{"rendered":"<p>\ud83d\udcb9 Podr\u017eite nas na <a href=\"\/en\/patreon.com\/TetkePodkast\/\" target=\"_blank\" rel=\"ugc noopener noreferrer\">patreonu<\/a>.<\/p>\n<p>U specijalnoj novogodi\u0161njoj epizodi Tetki imamo i specijalnu novogodi\u0161nju voditeljku Tam. Ona nam je pomogla da porazgovaramo sa sjajnim gostima, a to su: An\u0111elina Trifi\u0107 iz Centra za samostalni \u017eivot osoba sa invaliditetom Trstenik<\/p>\n<p>Katarina Ga\u010devi\u0107 iz Udru\u017eenja \u201eRu\u017eica\u201d<\/p>\n<p>Nikola Brklja\u010d iz Kreativnog omladinskog centra Pan\u010deva za borbu protiv side (KOMPAS)Zajedno smo sumirali godinu, pri\u010dali o njihovom aktivizmu i dodelili lepe nagrade.Svi na\u0161i gosti ove epizode su bili polaznici Programa za lidere u oblasti ljudskih prava Instituta Heartefact, kojima se tako\u0111e zahvaljujemo na saradnji na ovoj specijalnoj epizodi.Posebno hvala Jani Milivojevi\u0107 i Tari Mani\u0107 iz Instituta Heartefact na pomo\u0107i i podr\u0161ci pri snimanju epizode.<\/p>\n<p>\ud83d\uddbc\ufe0f Prijatelj emisije: <a href=\"https:\/\/www.instagram.com\/viewpoint_galerija\" target=\"_blank\" rel=\"ugc noopener noreferrer\">Viewpoint galerija<\/a><\/p>\n<p>\ud83e\udea9 Vidi kad je slede\u0107a <a href=\"https:\/\/www.instagram.com\/tunparty\" target=\"_blank\" rel=\"ugc noopener noreferrer\">TUN \u017eurka<\/a>!<\/p>\n<p>\ud83d\udc85\ud83c\udffc Alexisini nokti: <a href=\"https:\/\/www.instagram.com\/nails_pwr\" target=\"_blank\" rel=\"ugc noopener noreferrer\">Nails Power <\/a><\/p>\n<p>\ud83d\udc84 Alexisina \u0161minka: Ognjen Stefanovi\u0107<\/p>\n<p>\ud83d\udc87\ud83c\udffc\u200d\u2640\ufe0f Alexisina perika: Hydra<\/p>\n<p>\ud83c\udfa8 Dizajn \u0161pice: <a href=\"https:\/\/www.instagram.com\/vladimir.bmp\" target=\"_blank\" rel=\"ugc noopener noreferrer\">Vladimir Pavlovi\u0107<\/a> <\/p>\n<p>\ud83c\udf99\ufe0f Voditeljke:<a href=\"https:\/\/www.instagram.com\/alexisplastic\" target=\"_blank\" rel=\"ugc noopener noreferrer\"> Alexis Plastic <\/a> \/ <a href=\"https:\/\/www.instagram.com\/vojinovic.jpg\" target=\"_blank\" rel=\"ugc noopener noreferrer\">Goran <\/a> \/ <a href=\"https:\/\/www.instagram.com\/meeyodrag\" target=\"_blank\" rel=\"ugc noopener noreferrer\">Meeyodrag <\/a><\/p>","protected":false},"excerpt":{"rendered":"<p>\ud83d\udcb9 Podr\u017eite nas na patreonu. U specijalnoj novogodi\u0161njoj epizodi Tetki imamo i specijalnu novogodi\u0161nju voditeljku Tam. Ona nam je pomogla da porazgovaramo sa sjajnim gostima, a to su: An\u0111elina Trifi\u0107 iz Centra za samostalni \u017eivot osoba sa invaliditetom Trstenik Katarina Ga\u010devi\u0107 iz Udru\u017eenja \u201eRu\u017eica\u201d Nikola Brklja\u010d iz Kreativnog omladinskog centra Pan\u010deva za borbu protiv side&#8230;<\/p>","protected":false},"author":6,"featured_media":145892,"comment_status":"","ping_status":"closed","sticky":false,"template":"","format":"standard","meta":{"footnotes":""},"categories":[645],"tags":[],"class_list":["post-646220","post","type-post","status-publish","format-standard","has-post-thumbnail","hentry","category-tetke"],"_links":{"self":[{"href":"https:\/\/podcast.rs\/en\/wp-json\/wp\/v2\/posts\/646220","targetHints":{"allow":["GET"]}}],"collection":[{"href":"https:\/\/podcast.rs\/en\/wp-json\/wp\/v2\/posts"}],"about":[{"href":"https:\/\/podcast.rs\/en\/wp-json\/wp\/v2\/types\/post"}],"author":[{"embeddable":true,"href":"https:\/\/podcast.rs\/en\/wp-json\/wp\/v2\/users\/6"}],"replies":[{"embeddable":true,"href":"https:\/\/podcast.rs\/en\/wp-json\/wp\/v2\/comments?post=646220"}],"version-history":[{"count":0,"href":"https:\/\/podcast.rs\/en\/wp-json\/wp\/v2\/posts\/646220\/revisions"}],"wp:featuredmedia":[{"embeddable":true,"href":"https:\/\/podcast.rs\/en\/wp-json\/wp\/v2\/media\/145892"}],"wp:attachment":[{"href":"https:\/\/podcast.rs\/en\/wp-json\/wp\/v2\/media?parent=646220"}],"wp:term":[{"taxonomy":"category","embeddable":true,"href":"https:\/\/podcast.rs\/en\/wp-json\/wp\/v2\/categories?post=646220"},{"taxonomy":"post_tag","embeddable":true,"href":"https:\/\/podcast.rs\/en\/wp-json\/wp\/v2\/tags?post=646220"}],"curies":[{"name":"wp","href":"https:\/\/api.w.org\/{rel}","templated":true}]}}