{"id":645963,"date":"2026-01-01T09:00:00","date_gmt":"2026-01-01T07:00:00","guid":{"rendered":"https:\/\/podcast.rs\/bezbednost-dece-na-internetu-kako-prepoznati-rizike\/"},"modified":"2026-01-01T09:00:00","modified_gmt":"2026-01-01T07:00:00","slug":"bezbednost-dece-na-internetu-kako-prepoznati-rizike","status":"publish","type":"post","link":"https:\/\/podcast.rs\/en\/bezbednost-dece-na-internetu-kako-prepoznati-rizike\/","title":{"rendered":"Bezbednost dece na internetu: kako prepoznati rizike"},"content":{"rendered":"<p>\ud83c\udfa7 Bezbednost dece na internetu: kako prepoznati rizike | TeleSrbija podcast \ud83c\udfa7 <\/p>\n<p>U ovoj epizodi TeleSrbija podkast govorimo o jednoj od najva\u017enijih tema digitalnog doba \u2013 bezbednosti dece na internetu i na\u010dinima da se na vreme prepoznaju i razumeju rizici kojima su najmla\u0111i izlo\u017eeni. <\/p>\n<p>Otvaramo pitanje odgovornosti: da li je ona na roditeljima, \u0161kolama, dr\u017eavi ili tehnolo\u0161kim kompanijama, i kako se taj odnos menjao uporedo sa promenama u navikama dece \u2013 od sve ranijeg kori\u0161\u0107enja pametnih telefona do gotovo stalne prisutnosti na internetu. <\/p>\n<p>Analiziramo globalne zakonske prakse i regulative koje se bave za\u0161titom dece u digitalnom okru\u017eenju, ali i doma\u0107e inicijative, uklju\u010duju\u0107i primere koje sprovode mobilni operatori poput A1 Srbija. <\/p>\n<p>U epizodi govorimo i o konkretnim alatima i re\u0161enjima: VPN servisima namenjenim deci, sigurnim pretra\u017eiva\u010dima, dvofaktorskoj autentifikaciji, roditeljskim kontrolama i, mo\u017eda najva\u017enije \u2013 kontinuiranoj edukaciji dece i roditelja.<\/p>","protected":false},"excerpt":{"rendered":"<p>\ud83c\udfa7 Bezbednost dece na internetu: kako prepoznati rizike | TeleSrbija podcast \ud83c\udfa7 U ovoj epizodi TeleSrbija podkast govorimo o jednoj od najva\u017enijih tema digitalnog doba \u2013 bezbednosti dece na internetu i na\u010dinima da se na vreme prepoznaju i razumeju rizici kojima su najmla\u0111i izlo\u017eeni. Otvaramo pitanje odgovornosti: da li je ona na roditeljima, \u0161kolama, dr\u017eavi&#8230;<\/p>","protected":false},"author":4,"featured_media":113407,"comment_status":"","ping_status":"closed","sticky":false,"template":"","format":"standard","meta":{"footnotes":""},"categories":[611],"tags":[],"class_list":["post-645963","post","type-post","status-publish","format-standard","has-post-thumbnail","hentry","category-telesrbija"],"_links":{"self":[{"href":"https:\/\/podcast.rs\/en\/wp-json\/wp\/v2\/posts\/645963","targetHints":{"allow":["GET"]}}],"collection":[{"href":"https:\/\/podcast.rs\/en\/wp-json\/wp\/v2\/posts"}],"about":[{"href":"https:\/\/podcast.rs\/en\/wp-json\/wp\/v2\/types\/post"}],"author":[{"embeddable":true,"href":"https:\/\/podcast.rs\/en\/wp-json\/wp\/v2\/users\/4"}],"replies":[{"embeddable":true,"href":"https:\/\/podcast.rs\/en\/wp-json\/wp\/v2\/comments?post=645963"}],"version-history":[{"count":0,"href":"https:\/\/podcast.rs\/en\/wp-json\/wp\/v2\/posts\/645963\/revisions"}],"wp:featuredmedia":[{"embeddable":true,"href":"https:\/\/podcast.rs\/en\/wp-json\/wp\/v2\/media\/113407"}],"wp:attachment":[{"href":"https:\/\/podcast.rs\/en\/wp-json\/wp\/v2\/media?parent=645963"}],"wp:term":[{"taxonomy":"category","embeddable":true,"href":"https:\/\/podcast.rs\/en\/wp-json\/wp\/v2\/categories?post=645963"},{"taxonomy":"post_tag","embeddable":true,"href":"https:\/\/podcast.rs\/en\/wp-json\/wp\/v2\/tags?post=645963"}],"curies":[{"name":"wp","href":"https:\/\/api.w.org\/{rel}","templated":true}]}}