{"id":645922,"date":"2026-01-01T00:01:00","date_gmt":"2025-12-31T23:01:00","guid":{"rendered":"https:\/\/podcast.rs\/?p=645922"},"modified":"2026-01-01T01:34:26","modified_gmt":"2025-12-31T23:34:26","slug":"128-praznicna-epizoda","status":"publish","type":"post","link":"https:\/\/podcast.rs\/en\/128-praznicna-epizoda\/","title":{"rendered":"128 &#8211; Prazni\u010dna epizoda"},"content":{"rendered":"<p>SRE\u0106NI PRAZNICI!<\/p>\n<p>Praznici bi trebalo da budu vreme mira, bliskosti i radosti. A \u010desto su ba\u0161 suprotno. Previ\u0161e o\u010dekivanja, previ\u0161e planova, previ\u0161e <em>trebalo bi<\/em> a premalo prostora da se zaista zapitamo kako smo. U prazni\u010dnoj epizodi Dva i po psihijatra, Mihailo i Roberto razgovaraju o Novogodi\u0161njim i Bo\u017ei\u0107nim danima onako kako se o njima retko govori &#8211; bez idealizacije i bez la\u017enog optimizma. O pritiscima da budemo sre\u0107ni &#8222;po rasporedu\u201c, o porodi\u010dnim okupljanjima koja umeju da zabole, o samo\u0107i koja je najglasnija i najte\u017ea ba\u0161 kada svi pri\u010daju o zajedni\u0161tvu. O ose\u0107anjima koja se sudaraju: radosti i tuge, nade i umora, \u017eelje za novim po\u010detkom i straha da \u0107e sve ostati isto. Pri\u010daju i o tome kako da pre\u017eivimo praznike ako nam nisu laki. I kako da ih ne idealizujemo ako jesu. O planovima koje pi\u0161emo kao obe\u0107anje sebi i strahu da \u0107emo ih ponovo izneveriti. O pritisku da Nova godina mora da zna\u010di promenu, i o pravu da promena nekad dolazi sporo, tiho i bez vatrometa. U epizodi se doti\u010du i onog lak\u0161eg, toplijeg sloja praznika: razgovaraju o omiljenim prazni\u010dnim filmovima, serijama i muzici koje se iz godine u godinu vra\u0107aju kao emotivni rituali. O pri\u010dama koje gledamo iznova ne zato \u0161to su savr\u0161ene, ve\u0107 zato \u0161to nam nude poznatost i kratki predah. O pesmama koje bude se\u0107anja, popravljaju raspolo\u017eenje ili ga, ponekad, jo\u0161 vi\u0161e razotkriju. I o tome kako mali, li\u010dni izbori mogu biti na\u010din da praznike u\u010dinimo podno\u0161ljivijim ili makar malo toplijim.<\/p>\n<p>Ovo je epizoda za one koji praznike ne do\u017eivljavaju kao razglednicu, ve\u0107 kao realan emotivni prostor u kome se sudaraju \u017eelje i stvarnost. Epizoda koja ne nudi recepte za sre\u0107u, ve\u0107 razumevanje, dozvolu da usporite i da ne budete &#8222;u formi\u201c ba\u0161 tada kada se to najvi\u0161e o\u010dekuje. A kao i svaka prava promena, i ova po\u010dinje bez buke. Poput vode koja ne ide pravolinijski, ve\u0107 uvek na\u0111e svoj put.<\/p>\n<p>\ud83c\udf3f Epizodu podr\u017eava Rosa &#8211; prirodna, ba\u0161 kao i promena.<\/p>\n<\/p>\n<p>Lepo provedite praznike i posetite na\u0161 webshop:<\/p>\n<p>\ud83d\udecd\ufe0fDva i po psihijatra webshop \ud83d\udc49 <a target=\"_blank\" rel=\"noopener noreferrer nofollow\" href=\"https:\/\/podmedia.rs\/dva-i-po-psihijatra\/\">https:\/\/podmedia.rs\/dva-i-po-psihijatra\/<\/a><\/p>","protected":false},"excerpt":{"rendered":"<p>SRE\u0106NI PRAZNICI! Praznici bi trebalo da budu vreme mira, bliskosti i radosti. A \u010desto su ba\u0161 suprotno. Previ\u0161e o\u010dekivanja, previ\u0161e planova, previ\u0161e trebalo bi a premalo prostora da se zaista zapitamo kako smo. U prazni\u010dnoj epizodi Dva i po psihijatra, Mihailo i Roberto razgovaraju o Novogodi\u0161njim i Bo\u017ei\u0107nim danima onako kako se o njima retko&#8230;<\/p>","protected":false},"author":3,"featured_media":67456,"comment_status":"close","ping_status":"closed","sticky":false,"template":"","format":"audio","meta":{"footnotes":""},"categories":[493],"tags":[],"class_list":["post-645922","post","type-post","status-publish","format-audio","has-post-thumbnail","hentry","category-dva-i-po-psihijatra","post_format-post-format-audio"],"_links":{"self":[{"href":"https:\/\/podcast.rs\/en\/wp-json\/wp\/v2\/posts\/645922","targetHints":{"allow":["GET"]}}],"collection":[{"href":"https:\/\/podcast.rs\/en\/wp-json\/wp\/v2\/posts"}],"about":[{"href":"https:\/\/podcast.rs\/en\/wp-json\/wp\/v2\/types\/post"}],"author":[{"embeddable":true,"href":"https:\/\/podcast.rs\/en\/wp-json\/wp\/v2\/users\/3"}],"replies":[{"embeddable":true,"href":"https:\/\/podcast.rs\/en\/wp-json\/wp\/v2\/comments?post=645922"}],"version-history":[{"count":1,"href":"https:\/\/podcast.rs\/en\/wp-json\/wp\/v2\/posts\/645922\/revisions"}],"predecessor-version":[{"id":645923,"href":"https:\/\/podcast.rs\/en\/wp-json\/wp\/v2\/posts\/645922\/revisions\/645923"}],"wp:featuredmedia":[{"embeddable":true,"href":"https:\/\/podcast.rs\/en\/wp-json\/wp\/v2\/media\/67456"}],"wp:attachment":[{"href":"https:\/\/podcast.rs\/en\/wp-json\/wp\/v2\/media?parent=645922"}],"wp:term":[{"taxonomy":"category","embeddable":true,"href":"https:\/\/podcast.rs\/en\/wp-json\/wp\/v2\/categories?post=645922"},{"taxonomy":"post_tag","embeddable":true,"href":"https:\/\/podcast.rs\/en\/wp-json\/wp\/v2\/tags?post=645922"}],"curies":[{"name":"wp","href":"https:\/\/api.w.org\/{rel}","templated":true}]}}