{"id":645598,"date":"2025-12-30T11:47:07","date_gmt":"2025-12-30T09:47:07","guid":{"rendered":"https:\/\/podcast.rs\/a-kitagadott-eszmenykep\/"},"modified":"2025-12-30T11:47:07","modified_gmt":"2025-12-30T09:47:07","slug":"a-kitagadott-eszmenykep","status":"publish","type":"post","link":"https:\/\/podcast.rs\/en\/a-kitagadott-eszmenykep\/","title":{"rendered":"A kitagadott eszm\u00e9nyk\u00e9p"},"content":{"rendered":"<p>Belgr\u00e1dban nem n\u00e9zt\u00e9k j\u00f3 szemmel azt, hogy 2018-ban a moszkvai labdar\u00fag\u00f3-vil\u00e1gbajnoks\u00e1g d\u00f6nt\u0151j\u00e9be jutott horv\u00e1t v\u00e1logatottnak szurkolt az akkor m\u00e1r vil\u00e1gels\u0151 szerb teniszez\u0151. Ahogy igazi sportemberk\u00e9nt gratul\u00e1lt minden egykori \u00e9s jelenlegi f\u00f6ldij\u00e9nek, ak\u00e1r csapatban, ak\u00e1r egy\u00e9niben szerezte sikereit. Eset\u00e9ben az is <a href=\"https:\/\/podcast.szabadmagyarszo.com\/podcast\/a-kitagadott-eszmenykep\/\"> Read more\u2026<\/a><\/p>","protected":false},"excerpt":{"rendered":"<p>Belgr\u00e1dban nem n\u00e9zt\u00e9k j\u00f3 szemmel azt, hogy 2018-ban a moszkvai labdar\u00fag\u00f3-vil\u00e1gbajnoks\u00e1g d\u00f6nt\u0151j\u00e9be jutott horv\u00e1t v\u00e1logatottnak szurkolt az akkor m\u00e1r vil\u00e1gels\u0151 szerb teniszez&amp;#<\/p>","protected":false},"author":4,"featured_media":645600,"comment_status":"","ping_status":"closed","sticky":false,"template":"","format":"standard","meta":{"footnotes":""},"categories":[588],"tags":[],"class_list":["post-645598","post","type-post","status-publish","format-standard","has-post-thumbnail","hentry","category-szabad-magyar-szo"],"_links":{"self":[{"href":"https:\/\/podcast.rs\/en\/wp-json\/wp\/v2\/posts\/645598","targetHints":{"allow":["GET"]}}],"collection":[{"href":"https:\/\/podcast.rs\/en\/wp-json\/wp\/v2\/posts"}],"about":[{"href":"https:\/\/podcast.rs\/en\/wp-json\/wp\/v2\/types\/post"}],"author":[{"embeddable":true,"href":"https:\/\/podcast.rs\/en\/wp-json\/wp\/v2\/users\/4"}],"replies":[{"embeddable":true,"href":"https:\/\/podcast.rs\/en\/wp-json\/wp\/v2\/comments?post=645598"}],"version-history":[{"count":0,"href":"https:\/\/podcast.rs\/en\/wp-json\/wp\/v2\/posts\/645598\/revisions"}],"wp:featuredmedia":[{"embeddable":true,"href":"https:\/\/podcast.rs\/en\/wp-json\/wp\/v2\/media\/645600"}],"wp:attachment":[{"href":"https:\/\/podcast.rs\/en\/wp-json\/wp\/v2\/media?parent=645598"}],"wp:term":[{"taxonomy":"category","embeddable":true,"href":"https:\/\/podcast.rs\/en\/wp-json\/wp\/v2\/categories?post=645598"},{"taxonomy":"post_tag","embeddable":true,"href":"https:\/\/podcast.rs\/en\/wp-json\/wp\/v2\/tags?post=645598"}],"curies":[{"name":"wp","href":"https:\/\/api.w.org\/{rel}","templated":true}]}}