{"id":644159,"date":"2025-12-23T17:31:55","date_gmt":"2025-12-23T15:31:55","guid":{"rendered":"https:\/\/podcast.rs\/116-sarl-de-gol\/"},"modified":"2025-12-23T17:31:55","modified_gmt":"2025-12-23T15:31:55","slug":"116-sarl-de-gol","status":"publish","type":"post","link":"https:\/\/podcast.rs\/en\/116-sarl-de-gol\/","title":{"rendered":"116 &#8211; \u0160arl De Gol"},"content":{"rendered":"<p><em>Podr\u017eite nas i na Patreonu<\/em> \u27a1\ufe0f <a target=\"_blank\" rel=\"noopener noreferrer nofollow\" href=\"https:\/\/www.patreon.com\/c\/HistoryCast\">https:\/\/www.patreon.com\/c\/HistoryCast<\/a><\/p>\n<p>\u0160arl de Gol &#8211; \u010dovek koji je, u trenutku kada se \u010dinilo da je istorija zakucala Francuskoj poslednji ekser u kov\u010deg, jednostavno odbio da se povinuje. Bio je jedini koji je umeo da izgovori re\u010denicu \u201cFrancuska nije mrtva\u201d dok je pola planete sahranjuje, a onda to i dokazao.<\/p>\n<p>U ovoj epizodi Nikola \u0110uki\u0107 i Ivan Drlja\u010da vra\u0107aju de Gola na teren gde je najopasniji: u realnost poraza, ali i tvrdoglavog poku\u0161aja da se od nule napravi dr\u017eava, vojska i mit. Pri\u010damo o &#8222;tvorcu Francuske&#8220;, \u010doveku koji je razumeo politiku kao disciplinu hladnog strpljenja, koji je verovao u institucije vi\u0161e nego u ljude, i koji je svaki kompromis smatrao li\u010dnom kapitulacijom; o njegovim sukobima sa generalima, diplomatama i predsednicima, o tvrdoglavosti koja je bila i \u0161tit i teret, o njegovoj opsesiji nezavisno\u0161\u0107u &#8211; nacionalnom, politi\u010dkom, vojnom.<\/p>\n<p>London 1940. a kasnije i dramati\u010dni povratak u oslobo\u0111eni Pariz, stvaranje Pete republike, ali i odlazak iz politike u trenutku kada je odbio da bude figura bez mo\u0107i. Ovde nema lake i crno &#8211; bele pri\u010de. De Gol se nikada nije uklopio u jednostavne narative, pa tako ni ova epizoda ne nudi jednostavna tuma\u010denja.<\/p>\n<p>Ovo je razgovor o karakteru koji se ne uklapa u kli\u0161ee, lideru koji je prezirao kompromis, politi\u010daru koji je odbijao da se povinuje raspolo\u017eenju trenutka. <\/p>\n<p>Kako je izgledala Francuska posle ratnog raspada? Za\u0161to je De Gol odbijao da bude tek figura na vlasti, \u010dak i kada su ga molili da to bude? Kako je izgradio Petu Republiku kao li\u010dni eksperiment? I za\u0161to je njegova senka i dalje prisutna u svakoj francuskoj krizi ali i uspehu?<\/p><\/p>","protected":false},"excerpt":{"rendered":"<p>Podr\u017eite nas i na Patreonu \u27a1\ufe0f https:\/\/www.patreon.com\/c\/HistoryCast \u0160arl de Gol &#8211; \u010dovek koji je, u trenutku kada se \u010dinilo da je istorija zakucala Francuskoj poslednji ekser u kov\u010deg, jednostavno odbio da se povinuje. Bio je jedini koji je umeo da izgovori re\u010denicu \u201cFrancuska nije mrtva\u201d dok je pola planete sahranjuje, a onda to i dokazao&#8230;.<\/p>","protected":false},"author":3,"featured_media":90497,"comment_status":"","ping_status":"closed","sticky":false,"template":"","format":"standard","meta":{"footnotes":""},"categories":[558],"tags":[],"class_list":["post-644159","post","type-post","status-publish","format-standard","has-post-thumbnail","hentry","category-historycast"],"_links":{"self":[{"href":"https:\/\/podcast.rs\/en\/wp-json\/wp\/v2\/posts\/644159","targetHints":{"allow":["GET"]}}],"collection":[{"href":"https:\/\/podcast.rs\/en\/wp-json\/wp\/v2\/posts"}],"about":[{"href":"https:\/\/podcast.rs\/en\/wp-json\/wp\/v2\/types\/post"}],"author":[{"embeddable":true,"href":"https:\/\/podcast.rs\/en\/wp-json\/wp\/v2\/users\/3"}],"replies":[{"embeddable":true,"href":"https:\/\/podcast.rs\/en\/wp-json\/wp\/v2\/comments?post=644159"}],"version-history":[{"count":0,"href":"https:\/\/podcast.rs\/en\/wp-json\/wp\/v2\/posts\/644159\/revisions"}],"wp:featuredmedia":[{"embeddable":true,"href":"https:\/\/podcast.rs\/en\/wp-json\/wp\/v2\/media\/90497"}],"wp:attachment":[{"href":"https:\/\/podcast.rs\/en\/wp-json\/wp\/v2\/media?parent=644159"}],"wp:term":[{"taxonomy":"category","embeddable":true,"href":"https:\/\/podcast.rs\/en\/wp-json\/wp\/v2\/categories?post=644159"},{"taxonomy":"post_tag","embeddable":true,"href":"https:\/\/podcast.rs\/en\/wp-json\/wp\/v2\/tags?post=644159"}],"curies":[{"name":"wp","href":"https:\/\/api.w.org\/{rel}","templated":true}]}}