{"id":643029,"date":"2025-12-18T09:00:00","date_gmt":"2025-12-18T07:00:00","guid":{"rendered":"https:\/\/podcast.rs\/nova-yettel-tv-platforma-kako-izgleda-tv-iskustvo-iznutra-i-spolja\/"},"modified":"2025-12-18T09:00:00","modified_gmt":"2025-12-18T07:00:00","slug":"nova-yettel-tv-platforma-kako-izgleda-tv-iskustvo-iznutra-i-spolja","status":"publish","type":"post","link":"https:\/\/podcast.rs\/en\/nova-yettel-tv-platforma-kako-izgleda-tv-iskustvo-iznutra-i-spolja\/","title":{"rendered":"Nova Yettel TV platforma: kako izgleda TV iskustvo iznutra i spolja"},"content":{"rendered":"<p>\ud83c\udfa7 Nova Yettel TV platforma: kako izgleda TV iskustvo iznutra i spolja | TeleSrbija podcast \ud83c\udfa7 <\/p>\n<p>U novoj epizodi TeleSrbija podkasta ugostili smo Milo\u0161a Milo\u0161evi\u0107a, produkt menad\u017eera iz Yettela, sa kojim razgovaramo o potpuno obnovljenoj Yettel TV platformi. Posle \u010detiri godine, Yettel je u\u0161ao u sveobuhvatan proces redizajna sa jasnim ciljem \u2013 da korisni\u010dko iskustvo u\u010dini jednostavnijim, br\u017eim i prilago\u0111enijim svakom korisniku. <\/p>\n<p>U epizodi otkrivamo kako je izgledao proces razvoja nove platforme, za\u0161to je bilo va\u017eno da se istovremeno menjaju i backend i frontend, kao i koliko je vremena bilo potrebno da se jedna kompleksna TV platforma izgradi iznova. <\/p>\n<p>Na\u0161 gost obja\u0161njava koje su to tri klju\u010dne novine koje korisnici odmah mogu da primete, na koji na\u010din je uvedena personalizacija sadr\u017eaja i kako napredne opcije omogu\u0107avaju da svako kreira sopstveno TV iskustvo. <\/p>\n<p>Ova epizoda donosi jasan i konkretan pogled iza kulisa razvoja jedne savremene TV platforme, uz prakti\u010dne primere odluka koje direktno uti\u010du na krajnje korisni\u010dko iskustvo.<\/p>","protected":false},"excerpt":{"rendered":"<p>\ud83c\udfa7 Nova Yettel TV platforma: kako izgleda TV iskustvo iznutra i spolja | TeleSrbija podcast \ud83c\udfa7 U novoj epizodi TeleSrbija podkasta ugostili smo Milo\u0161a Milo\u0161evi\u0107a, produkt menad\u017eera iz Yettela, sa kojim razgovaramo o potpuno obnovljenoj Yettel TV platformi. Posle \u010detiri godine, Yettel je u\u0161ao u sveobuhvatan proces redizajna sa jasnim ciljem \u2013 da korisni\u010dko iskustvo&#8230;<\/p>","protected":false},"author":4,"featured_media":113407,"comment_status":"","ping_status":"closed","sticky":false,"template":"","format":"standard","meta":{"footnotes":""},"categories":[611],"tags":[],"class_list":["post-643029","post","type-post","status-publish","format-standard","has-post-thumbnail","hentry","category-telesrbija"],"_links":{"self":[{"href":"https:\/\/podcast.rs\/en\/wp-json\/wp\/v2\/posts\/643029","targetHints":{"allow":["GET"]}}],"collection":[{"href":"https:\/\/podcast.rs\/en\/wp-json\/wp\/v2\/posts"}],"about":[{"href":"https:\/\/podcast.rs\/en\/wp-json\/wp\/v2\/types\/post"}],"author":[{"embeddable":true,"href":"https:\/\/podcast.rs\/en\/wp-json\/wp\/v2\/users\/4"}],"replies":[{"embeddable":true,"href":"https:\/\/podcast.rs\/en\/wp-json\/wp\/v2\/comments?post=643029"}],"version-history":[{"count":0,"href":"https:\/\/podcast.rs\/en\/wp-json\/wp\/v2\/posts\/643029\/revisions"}],"wp:featuredmedia":[{"embeddable":true,"href":"https:\/\/podcast.rs\/en\/wp-json\/wp\/v2\/media\/113407"}],"wp:attachment":[{"href":"https:\/\/podcast.rs\/en\/wp-json\/wp\/v2\/media?parent=643029"}],"wp:term":[{"taxonomy":"category","embeddable":true,"href":"https:\/\/podcast.rs\/en\/wp-json\/wp\/v2\/categories?post=643029"},{"taxonomy":"post_tag","embeddable":true,"href":"https:\/\/podcast.rs\/en\/wp-json\/wp\/v2\/tags?post=643029"}],"curies":[{"name":"wp","href":"https:\/\/api.w.org\/{rel}","templated":true}]}}