{"id":642799,"date":"2025-12-17T08:47:00","date_gmt":"2025-12-17T07:47:00","guid":{"rendered":"https:\/\/podcast.rs\/?p=642799"},"modified":"2025-12-17T10:35:17","modified_gmt":"2025-12-17T08:35:17","slug":"panika-pred-praznike","status":"publish","type":"post","link":"https:\/\/podcast.rs\/en\/panika-pred-praznike\/","title":{"rendered":"Panika pred praznike"},"content":{"rendered":"<p>Prosinac je mjesec u kojem svi glumimo da imamo sve pod kontrolom. U stvarnosti? Jurimo izme\u0111u obaveza, gu\u017evi, \u0161kolskih priredbi, posla, liste poklona i vlastitog umora. U novoj epizodi podcasta razgovaramo iskreno o tom osje\u0107aju stalnog ka\u0161njenja i pritiska da\u00a0<em>sve mora biti zavr\u0161eno<\/em>\u00a0ba\u0161 sada, u dvanaestom mjesecu.<\/p>\n<p>Ni\u0161ta ne smije ostati za sije\u010danj. I uz to mora biti \u010darobno!<\/p>\n<p>Dotaknule smo se i roditeljskih dilema koje posebno isplivaju pred kraj godine: treba li djecu \u201cnagra\u0111ivati\u201d skupim putovanjima, skijanjem i velikim poklonima ako \u0161kolska godina nije bila ba\u0161 sjajna? Gdje je granica izme\u0111u motivacije i kupovanja mira? I \u0161to kada se osje\u0107aj krivnje sudari s realnim umorom i financijama?<\/p>\n<p>Ova epizoda nije vodi\u010d za savr\u0161eni prosinac, nego prostor za normaliziranje kaosa, preispitivanje o\u010dekivanja i priznanje da je u redu ne sti\u0107i sve. Ako i vi u prosincu balansirate izme\u0111u \u017eelja, obaveza i vlastitih granica \u2014 ova epizoda je za vas.<\/p>\n<p>p.s. &#8211; Ono \u0161to ne\u0107ete na\u0107i u ovoj epizodi je recept za bo\u017ei\u0107nu \u010daroliju, kola\u010de bilo kakve vrste ili savr\u0161ene dekoracije u skupim odjevnim kombinacijama. You have been warned.<\/p>","protected":false},"excerpt":{"rendered":"<p>Prosinac je mjesec u kojem svi glumimo da imamo sve pod kontrolom. U stvarnosti? Jurimo izme\u0111u obaveza, gu\u017evi, \u0161kolskih priredbi, posla, liste poklona i vlastitog umora. U novoj epizodi podcasta razgovaramo iskreno o tom osje\u0107aju stalnog ka\u0161njenja i pritiska da\u00a0sve mora biti zavr\u0161eno\u00a0ba\u0161 sada, u dvanaestom mjesecu. Ni\u0161ta ne smije ostati za sije\u010danj. I uz&#8230;<\/p>","protected":false},"author":3,"featured_media":67223,"comment_status":"close","ping_status":"closed","sticky":false,"template":"","format":"audio","meta":{"footnotes":""},"categories":[490],"tags":[],"class_list":["post-642799","post","type-post","status-publish","format-audio","has-post-thumbnail","hentry","category-samo-bez-panike","post_format-post-format-audio"],"_links":{"self":[{"href":"https:\/\/podcast.rs\/en\/wp-json\/wp\/v2\/posts\/642799","targetHints":{"allow":["GET"]}}],"collection":[{"href":"https:\/\/podcast.rs\/en\/wp-json\/wp\/v2\/posts"}],"about":[{"href":"https:\/\/podcast.rs\/en\/wp-json\/wp\/v2\/types\/post"}],"author":[{"embeddable":true,"href":"https:\/\/podcast.rs\/en\/wp-json\/wp\/v2\/users\/3"}],"replies":[{"embeddable":true,"href":"https:\/\/podcast.rs\/en\/wp-json\/wp\/v2\/comments?post=642799"}],"version-history":[{"count":1,"href":"https:\/\/podcast.rs\/en\/wp-json\/wp\/v2\/posts\/642799\/revisions"}],"predecessor-version":[{"id":642800,"href":"https:\/\/podcast.rs\/en\/wp-json\/wp\/v2\/posts\/642799\/revisions\/642800"}],"wp:featuredmedia":[{"embeddable":true,"href":"https:\/\/podcast.rs\/en\/wp-json\/wp\/v2\/media\/67223"}],"wp:attachment":[{"href":"https:\/\/podcast.rs\/en\/wp-json\/wp\/v2\/media?parent=642799"}],"wp:term":[{"taxonomy":"category","embeddable":true,"href":"https:\/\/podcast.rs\/en\/wp-json\/wp\/v2\/categories?post=642799"},{"taxonomy":"post_tag","embeddable":true,"href":"https:\/\/podcast.rs\/en\/wp-json\/wp\/v2\/tags?post=642799"}],"curies":[{"name":"wp","href":"https:\/\/api.w.org\/{rel}","templated":true}]}}