{"id":63917,"date":"2020-11-20T13:00:00","date_gmt":"2020-11-20T12:00:00","guid":{"rendered":"https:\/\/podcast.rs\/?p=63917"},"modified":"2023-02-03T21:17:45","modified_gmt":"2023-02-03T19:17:45","slug":"manjinski-glas","status":"publish","type":"post","link":"https:\/\/podcast.rs\/en\/manjinski-glas\/","title":{"rendered":"Manjinski glas"},"content":{"rendered":"<p>Sve je ve\u0107i broj politi\u010dkih organizacija sa nacionalnim obele\u017ejem \u2013 kako u<br \/>svakodnenvnom delovanju, tako in a izborima koji su iza nas.<\/p>\n<p>Za\u0161to se pojedine stranke odlu\u010duju na taj korak? Kakav odnos to pokazuje prema<br \/>pripadnicima nacionalnih manjina? Ali i koliko \u0107e uticaja u parlamentu imati<br \/>nacionalne manjine s obzirom na njihov mali broj i generalno desno orijentisani<br \/>novi saziv?\u00a0<\/p>\n<p>U podkastu \u201cOgledalo\u201d portala Autonomija.info o \u201emanjinskom glasu\u201c sa Miroslavom Keve\u017edijem razgovarala je Aleksandra Bu\u010dko\u00a0\u00a0<\/p>","protected":false},"excerpt":{"rendered":"<p>Sve je ve\u0107i broj politi\u010dkih organizacija sa nacionalnim obele\u017ejem \u2013 kako usvakodnenvnom delovanju, tako in a izborima koji su iza nas. Za\u0161to se pojedine stranke odlu\u010duju na taj korak? Kakav odnos to pokazuje premapripadnicima nacionalnih manjina? Ali i koliko \u0107e uticaja u parlamentu imatinacionalne manjine s obzirom na njihov mali broj i generalno desno orijentisaninovi&#8230;<\/p>","protected":false},"author":3,"featured_media":30315,"comment_status":"close","ping_status":"closed","sticky":false,"template":"","format":"audio","meta":{"footnotes":""},"categories":[218],"tags":[],"class_list":["post-63917","post","type-post","status-publish","format-audio","has-post-thumbnail","hentry","category-ogledalo","post_format-post-format-audio"],"_links":{"self":[{"href":"https:\/\/podcast.rs\/en\/wp-json\/wp\/v2\/posts\/63917","targetHints":{"allow":["GET"]}}],"collection":[{"href":"https:\/\/podcast.rs\/en\/wp-json\/wp\/v2\/posts"}],"about":[{"href":"https:\/\/podcast.rs\/en\/wp-json\/wp\/v2\/types\/post"}],"author":[{"embeddable":true,"href":"https:\/\/podcast.rs\/en\/wp-json\/wp\/v2\/users\/3"}],"replies":[{"embeddable":true,"href":"https:\/\/podcast.rs\/en\/wp-json\/wp\/v2\/comments?post=63917"}],"version-history":[{"count":1,"href":"https:\/\/podcast.rs\/en\/wp-json\/wp\/v2\/posts\/63917\/revisions"}],"predecessor-version":[{"id":63918,"href":"https:\/\/podcast.rs\/en\/wp-json\/wp\/v2\/posts\/63917\/revisions\/63918"}],"wp:featuredmedia":[{"embeddable":true,"href":"https:\/\/podcast.rs\/en\/wp-json\/wp\/v2\/media\/30315"}],"wp:attachment":[{"href":"https:\/\/podcast.rs\/en\/wp-json\/wp\/v2\/media?parent=63917"}],"wp:term":[{"taxonomy":"category","embeddable":true,"href":"https:\/\/podcast.rs\/en\/wp-json\/wp\/v2\/categories?post=63917"},{"taxonomy":"post_tag","embeddable":true,"href":"https:\/\/podcast.rs\/en\/wp-json\/wp\/v2\/tags?post=63917"}],"curies":[{"name":"wp","href":"https:\/\/api.w.org\/{rel}","templated":true}]}}