{"id":63909,"date":"2020-11-21T09:00:00","date_gmt":"2020-11-21T08:00:00","guid":{"rendered":"https:\/\/podcast.rs\/?p=63909"},"modified":"2023-02-03T21:17:42","modified_gmt":"2023-02-03T19:17:42","slug":"propada-projekat-srpskog-sveta","status":"publish","type":"post","link":"https:\/\/podcast.rs\/en\/propada-projekat-srpskog-sveta\/","title":{"rendered":"Propada projekat \u201csrpskog sveta\u201d"},"content":{"rendered":"<p><strong>Crna Gora je na pragu formiranja nove vlade. U stvari, mo\u017eda jeste a mo\u017eda i nije, s obzirom da pobednici na izborima deluju vi\u0161e kao \u201crazbijena\u201d banda nego li kao neka heterogena skupina koja ima neku zajedni\u010dku ideologiju ili zajedni\u010dki cilj. Kako se vama to \u010dini? <\/strong><strong> <\/strong><\/p>\n<p>\u201cMeni se \u010dini da se jo\u0161 jednom pokazalo da je Karl \u0160mit bio u pravu: naime, politika po\u010dinje u trenutku kada defini\u0161e\u0161 neprijatelja. Dakle, i taj neprijatelj je bio jedino \u0161to je zajedni\u010dko toj koaliciji &#8211; neprijatelj je bio Milo \u0110ukanovi\u0107. Sada, kada je on na neki na\u010din uklonjen sa tog politi\u010dkog bojnog polja, preostaje te\u017ei dio, da<br \/>se u\u010dini ne\u0161to konstruktivno, pa makar to konstruktivno bilo i neuspje\u0161no, pa makar se to konstruktivno kasnije pokazalo i kao \u010dista destrukcija. Me\u0111utim, oni imaju sada vi\u0161e problema, i uop\u0161te ne znam odakle da krenem\u201d. \u00a0<\/p>\n<p><strong>A ko je uop\u0161te taj Zdravko Krivokapi\u0107? On je regionalnoj javnosti, pa \u010dak bih rekao i crnogorskoj javnosti, do pre nekoliko meseci bio potpuno nepoznata osoba? <\/strong>\u00a0<\/p>\n<p>\u201cPa svejedno je ko je. Ja uop\u0161te ne poznajem \u010dovjeka. Na\u017ealost, sad ga upoznajem kroz njegove izjave, od kojih je svaka sljede\u0107a bizarnija od prethodne, ali to nije bitno. Ve\u0107 nekoliko izbornih ciklusa zapravo DF poku\u0161ava ono \u0161to im je sada uspjelo: da izbace takozvanog nestrana\u010dkog lidera, \u010dovjeka koji \u0107e se dopasti njihovom desnom populisti\u010dkom bira\u010dkom tijelu, a ne\u0107e osobito iritirati ostale gra\u0111ane pa \u0107e se neko prevariti da glasa za njih, kao \u0161to se i desilo. Da je Krivokapi\u0107 ove egzbicije koje sada izvodi javno saop\u0161tavao prije izbora, pitanje je \u0161ta bi se desilo\u201d. \u00a0<\/p>\n<p><strong>\u201cIma\u0107emo najzatucaniju vladu u regionu\u201d<\/strong><strong> <\/strong><\/p>\n<p>\u201cZnate kako, nedvojbeno je da postoji strah od onoga \u0161to dolazi, nedvojbeno je da \u0107e ova vlada biti grozomorna. To \u0107e biti najzatucanija i najde\u0161nja vlada u regionu, a to je istinski uspjeh, jer je region pun zatucanih i desnih vlada. Dakle, postoji strah i izvjesna energija gra\u0111anske Crne Gore da se tome odupre, ali kao \u0161to znamo to mora da ide kroz politi\u010dke partije. A politi\u010dke partije se u ovom<br \/>trenutku prave mrtve. One \u0107ute i \u010dekaju i misle da je to mudro. Dragocjeno<br \/>vrijeme je protra\u0107eno. Ako je \u010ditava strategija da gra\u0111ani uo\u010de kako su ovi<br \/>novi grozni pa se na sljede\u0107im izborima opredijele za one stare koji su bili<br \/>grozni ali ne tako grozni kao ovi novi, to je prili\u010dno jadno i ukoliko oni ne<br \/>mogu smisliti ni\u0161ta bolje od toga, to je dostojno svakog sa\u017ealjenja\u201d. \u00a0\u00a0<\/p>","protected":false},"excerpt":{"rendered":"<p>Crna Gora je na pragu formiranja nove vlade. U stvari, mo\u017eda jeste a mo\u017eda i nije, s obzirom da pobednici na izborima deluju vi\u0161e kao \u201crazbijena\u201d banda nego li kao neka heterogena skupina koja ima neku zajedni\u010dku ideologiju ili zajedni\u010dki cilj. Kako se vama to \u010dini? \u201cMeni se \u010dini da se jo\u0161 jednom pokazalo da&#8230;<\/p>","protected":false},"author":3,"featured_media":30315,"comment_status":"close","ping_status":"closed","sticky":false,"template":"","format":"audio","meta":{"footnotes":""},"categories":[218],"tags":[],"class_list":["post-63909","post","type-post","status-publish","format-audio","has-post-thumbnail","hentry","category-ogledalo","post_format-post-format-audio"],"_links":{"self":[{"href":"https:\/\/podcast.rs\/en\/wp-json\/wp\/v2\/posts\/63909","targetHints":{"allow":["GET"]}}],"collection":[{"href":"https:\/\/podcast.rs\/en\/wp-json\/wp\/v2\/posts"}],"about":[{"href":"https:\/\/podcast.rs\/en\/wp-json\/wp\/v2\/types\/post"}],"author":[{"embeddable":true,"href":"https:\/\/podcast.rs\/en\/wp-json\/wp\/v2\/users\/3"}],"replies":[{"embeddable":true,"href":"https:\/\/podcast.rs\/en\/wp-json\/wp\/v2\/comments?post=63909"}],"version-history":[{"count":1,"href":"https:\/\/podcast.rs\/en\/wp-json\/wp\/v2\/posts\/63909\/revisions"}],"predecessor-version":[{"id":63910,"href":"https:\/\/podcast.rs\/en\/wp-json\/wp\/v2\/posts\/63909\/revisions\/63910"}],"wp:featuredmedia":[{"embeddable":true,"href":"https:\/\/podcast.rs\/en\/wp-json\/wp\/v2\/media\/30315"}],"wp:attachment":[{"href":"https:\/\/podcast.rs\/en\/wp-json\/wp\/v2\/media?parent=63909"}],"wp:term":[{"taxonomy":"category","embeddable":true,"href":"https:\/\/podcast.rs\/en\/wp-json\/wp\/v2\/categories?post=63909"},{"taxonomy":"post_tag","embeddable":true,"href":"https:\/\/podcast.rs\/en\/wp-json\/wp\/v2\/tags?post=63909"}],"curies":[{"name":"wp","href":"https:\/\/api.w.org\/{rel}","templated":true}]}}