{"id":63907,"date":"2020-12-04T09:00:00","date_gmt":"2020-12-04T08:00:00","guid":{"rendered":"https:\/\/podcast.rs\/?p=63907"},"modified":"2023-02-03T21:17:42","modified_gmt":"2023-02-03T19:17:42","slug":"zasto-drzava","status":"publish","type":"post","link":"https:\/\/podcast.rs\/en\/zasto-drzava\/","title":{"rendered":"Za\u0161to dr\u017eava?"},"content":{"rendered":"<p>Stanovnici Srbije koji \u017eive van glavnog grada, centralizaciju naj\u010de\u0161\u0107e zovu<br \/>\u201ebeogradizacija\u201c jer, kako ka\u017eu, u Beogradu se bolje \u017eivi jer tamo ima najvi\u0161e<br \/>novca.\u00a0\u00a0<\/p>\n<p>Ipak, u programima srbijanskih partija decentralizacija je jedna od ta\u010daka, a opozija \u010desto kritikuje vlast po ovom osnovu. \u010cak i u Statutu vladaju\u0107e Srpske napredne stranke stoji deo o decentralizaciji Srbije, Liga socijaldemokrata Vojvodine od svog osnivanja govori kako o punopravnoj autonomiji Vojvodine, tako i o decentralizaciji Srbije, postojala je i stranka Ujedinjeni regioni Srbije koja<br \/>je osnovana na temeljima decentralizacije i ravnomernog regionalnog razvoja.<br \/>Novi pokreti, kao \u0161to je Gra\u0111anski front, neretko isti\u010du potrebu za decentralizacijom koja odgovara \u010dak i Beogradu.\u00a0<\/p>\n<p>Da li je centralizacija prost rezultat &#8222;ve\u0107eg kapaciteta&#8220; Beograda i njegove<br \/>komparativne prednosti u odnosu na druge, ili je, pak, u pitanju podcenjivanje<br \/>i diskriminacija ljudi koji \u017eive izvan na\u0161eg glavnog grada, kako i za\u0161to do\u0107i<br \/>do decentralizacije i na koje se zemlje ugledati \u2013 teme su o kojima u ovom<br \/>izdanju Ogledala razgovaramo sa Danijelom Da\u0161i\u0107em, programskim menad\u017eerom<br \/>Nacionalne koalicije za decentralizaciju (NKD).\u00a0\u00a0<\/p>\n<p><strong> Za\u0161to decentralizacija?<\/strong>\u00a0<\/p>\n<p>Ako se krene dublje u pitanje za\u0161to decentralizacija, mo\u017ee se oti\u0107i i dublje \u2013 za\u0161to<br \/>dr\u017eava. Na ovo pitanje Da\u0161i\u0107 navodi da je dr\u017eava tu jer odre\u0111eni broj ljudi,<br \/>umesto dase sami brinu o klju\u010dnim aspektima kao \u0161to su zdravstvo, \u0161kolstvo,<br \/>bezbednost \u2013 anga\u017euju dr\u017eavu da se brine o tome. Te usluge, zapravo, treba da<br \/>budu bliske, dostupne i svima dostupne.\u00a0<\/p>\n<p>\u201eMi imamo sve te usluge u, da se slikovito izrazim u jednom tr\u017enom centru koji je u Beogradu. Dalje postoje ispostave, ali one nisu najjeftinije, ne pru\u017eaju nam<br \/>dovoljno brzo i efikasno usluge. Sistem malih prodavnica na koje ljudi koji<br \/>tamo kupuju imaju mogu\u0107nost da uti\u010du \u0161to se ti\u010de robe, ljudstva, jeste najbolji<br \/>primer decentralizacije\u201c, navodi Da\u0161i\u0107.\u00a0<\/p>\n<p><strong>Decentralizacija \u2013 prazna pri\u010da u predizbornim govorima <\/strong><\/p>\n<p>Mnoge stranke u Srbiji u svoj program uvrstile su deo o decentralizaciji, kao<br \/>klju\u010dnom preduslovu za razvoj Srbije, a primera kritike vlasti po ovom osnovu<br \/>mo\u017eemo na\u0107i i kod Srpske napredne stranke dok je jo\u0161 bila opoziciona partija.<br \/>Ipak, praksa je druga\u010dija.\u00a0\u00a0<\/p>\n<p>Razlog lake i jeftine prodaje ideje decentralizacije, Da\u0161i\u0107 vidi u primamljivosti takvog sistema naj\u0161irem krugu gra\u0111ana. Tako i sama decentralizacija odgovara samo njima, dok Vlasti ipak odgovara centralizovana mo\u0107 kojom mogu da upravljaju iz fotelje.\u00a0\u00a0<\/p>\n<p><strong>Centralizovana mo\u0107 u jednom \u010doveku <\/strong><\/p>\n<p>\u010citav sistem dao je osnovu za centralizaciju vlasti ne samo u jednoj ta\u010dki, navodi<br \/>Da\u0161i\u0107, ve\u0107 i u jednom \u010doveku \u2013 predsedniku Srbije Aleksandru Vu\u010di\u0107u koji ni sa<br \/>svojim najbli\u017eim saradnicima ne deli, ve\u0107 se za sve on pita \u010dak i za one stvari<br \/>za koje nema ingerencije.\u00a0<\/p>\n<p>Tako je on sam najavio da je oro\u010dio Vladu do 2022. kada \u0107e biti odr\u017eani i parlamentarni izbori uz redovne predsedni\u010dke i lokalne izbore u Beogradu. Da\u0161i\u0107 napominje da se ovakav sistem izbora samo kod nas odr\u017eava i da je to potrebno menjati.\u00a0<\/p>\n<p>Ipak, veliki je posao menjati izborni sistem, a jo\u0161 te\u017ei menjati izborni proces.<br \/>Me\u0111utim, personalizacija izbornog sistema i procesa mogu biti put ka<br \/>decentralizaciji Srbije.\u00a0<\/p>\n<p><strong>Decentralizovana Srbija \u2013 odozdo navi\u0161e <\/strong><\/p>\n<p>Vra\u0107aju\u0107i se u period Socijalisti\u010dke Federativne Republike Jugoslavije, Danijel Da\u0161i\u0107 iz NKD-a navodi da su je zapadni analiti\u010dari nazivali decentralizovanom zemljom i pored kulta li\u010dnosti predsednika Josipa Broza Tita, upravo zato \u0161to su gra\u0111anke i gra\u0111ani odlu\u010divali na nivou mesnih zajednica o bitnim pitanjima za njihove \u017eivote.\u00a0<\/p>\n<p>Upravo je to i ideal koji treba pratiti \u2013 da sve odluke mogu da idu odozdo navi\u0161e.\u00a0<\/p>\n<p>Ipak, kada do\u0111e do decentralizacije \u2013 treba imati na umu da oni manji centri kojima \u0107e manja mesta gravitirati poput Novog Sada, Ni\u0161a, Subotice, Novog Pazara ne postanu mali Beogradi. Me\u0111utim, sve se to mo\u017ee zakonski regulisati i pa\u017eljivim delovanje u probnom periodu od 5-10 godina preduprediti takve mogu\u0107nosti.\u00a0\u00a0<\/p>","protected":false},"excerpt":{"rendered":"<p>Stanovnici Srbije koji \u017eive van glavnog grada, centralizaciju naj\u010de\u0161\u0107e zovu\u201ebeogradizacija\u201c jer, kako ka\u017eu, u Beogradu se bolje \u017eivi jer tamo ima najvi\u0161enovca.\u00a0\u00a0 Ipak, u programima srbijanskih partija decentralizacija je jedna od ta\u010daka, a opozija \u010desto kritikuje vlast po ovom osnovu. \u010cak i u Statutu vladaju\u0107e Srpske napredne stranke stoji deo o decentralizaciji Srbije, Liga socijaldemokrata&#8230;<\/p>","protected":false},"author":3,"featured_media":30315,"comment_status":"close","ping_status":"closed","sticky":false,"template":"","format":"audio","meta":{"footnotes":""},"categories":[218],"tags":[],"class_list":["post-63907","post","type-post","status-publish","format-audio","has-post-thumbnail","hentry","category-ogledalo","post_format-post-format-audio"],"_links":{"self":[{"href":"https:\/\/podcast.rs\/en\/wp-json\/wp\/v2\/posts\/63907","targetHints":{"allow":["GET"]}}],"collection":[{"href":"https:\/\/podcast.rs\/en\/wp-json\/wp\/v2\/posts"}],"about":[{"href":"https:\/\/podcast.rs\/en\/wp-json\/wp\/v2\/types\/post"}],"author":[{"embeddable":true,"href":"https:\/\/podcast.rs\/en\/wp-json\/wp\/v2\/users\/3"}],"replies":[{"embeddable":true,"href":"https:\/\/podcast.rs\/en\/wp-json\/wp\/v2\/comments?post=63907"}],"version-history":[{"count":1,"href":"https:\/\/podcast.rs\/en\/wp-json\/wp\/v2\/posts\/63907\/revisions"}],"predecessor-version":[{"id":63908,"href":"https:\/\/podcast.rs\/en\/wp-json\/wp\/v2\/posts\/63907\/revisions\/63908"}],"wp:featuredmedia":[{"embeddable":true,"href":"https:\/\/podcast.rs\/en\/wp-json\/wp\/v2\/media\/30315"}],"wp:attachment":[{"href":"https:\/\/podcast.rs\/en\/wp-json\/wp\/v2\/media?parent=63907"}],"wp:term":[{"taxonomy":"category","embeddable":true,"href":"https:\/\/podcast.rs\/en\/wp-json\/wp\/v2\/categories?post=63907"},{"taxonomy":"post_tag","embeddable":true,"href":"https:\/\/podcast.rs\/en\/wp-json\/wp\/v2\/tags?post=63907"}],"curies":[{"name":"wp","href":"https:\/\/api.w.org\/{rel}","templated":true}]}}