{"id":63905,"date":"2020-12-22T09:00:00","date_gmt":"2020-12-22T08:00:00","guid":{"rendered":"https:\/\/podcast.rs\/?p=63905"},"modified":"2023-02-03T21:17:41","modified_gmt":"2023-02-03T19:17:41","slug":"portparoli-vlasti","status":"publish","type":"post","link":"https:\/\/podcast.rs\/en\/portparoli-vlasti\/","title":{"rendered":"Portparoli vlasti"},"content":{"rendered":"<p>Jelena Dukari\u0107 iz <a href=\"http:\/\/vccns.org\/en\/\">Vojvo\u0111anskog gra\u0111anskog centra<\/a> ocenila je da ekstremisti\u010dke grupacije i <a href=\"https:\/\/www.danas.rs\/drustvo\/misa-vacic-upao-na-izlozbu-kapija-i-kad-boli-istina-je-lijek-u-czkd-video\/\">desni\u010dari<\/a> u Srbiji slu\u017ee kao produ\u017eena ruka vlasti i pri\u010daju one stvari koje politi\u010dari na zvani\u010dnim funkcijama ne bi smeli da pri\u010daju.\u00a0\u00a0<\/p>\n<p>\u201eOni \u010dak i nisu uvek u potpunoj kontroli politi\u010dara nego je \u010dinjenica da su neke stvari spremni i sami da urade. Za\u0161to i kako to sociolozi i psiholozi mogu da objasne zato \u0161to u njihovom delovanju postoji skrivanje stvarnih \u017eelja i razloga za konkretnim uticajem\u201c, rekla je Dukari\u0107 u potkastu Ogledalo Nezavisnog dru\u0161tva novinara Vojvodine.\u00a0\u00a0<\/p>\n<p>Govore\u0107i o pokretu Levijatan, koji je u poslednji vreme najzastupljeniji, Dukari\u0107 je rekla da je problem \u0161to njihovo delovanje niko nije javno osudio, a oni koji jesu njihov glas ne mo\u017ee da dopire do ljudi kojima se obra\u0107aju <a href=\"http:\/\/rs.n1info.com\/Vesti\/a601600\/Ljubitelji-zivotinja-koji-vredjaju-zrtve-fasista-sta-je-zapravo-Levijatan.html\">Levijatan<\/a> ili narodne patrole koje presre\u0107u izbeglice na ulicama Srbije.\u00a0\u00a0<\/p>\n<p><strong>Za\u0161to bi dr\u017eava ulazila u konflikt sa desni\u010darima? <\/strong><\/p>\n<p>\u201eMi \u010dekamo reakciju dr\u017eava, a dr\u017eava kao da je u fazonu &#8211; \u0161to bi se mi sada ne\u0161to cimali kada se niko ne\u0161to posebno ne buni i za\u0161to bismo ulazili u konflikt sa njima. Meni to tako nekako deluje. Mada \u010dovek koji je kolima uleteo u migrantski centar u Obrenovcu nije ni malo naivna stvar, a Levijatan je taj njegov postupak podr\u017eao. Meni to li\u010di na \u0160e\u0161eljevu izjavu kada je iza\u0161ao iz Haga i rekao da je spreman da ponovi dela za koja je osu\u0111en. To me pomalo pla\u0161i\u201c, rekla je Dukari\u0107.\u00a0<\/p>\n<p>Govore\u0107i i pripadnicima takozvane <a href=\"https:\/\/www.bbc.com\/serbian\/lat\/srbija-51761864\">Narodne patrole<\/a> koje idu no\u0107u po Beogradu i spopadaju migrante, Dukari\u0107 je njihova ikonografiju opisala kao te\u0161ku kompleksa\u0161ku pri\u010du koja im je potrebna da bi nekoga omala vizuelno. Sve to za nju izgleda dosta opskurno ali je problem u tome \u0161to imaju veliki broj<br \/>pratilaca na dru\u0161tvenim mre\u017eama.\u00a0\u00a0<\/p>\n<p>\u201eSistem prihvatanja migranata u Srbiji nije dobar \u010dim postoji toliki broj ljudi kojima oni smetaju. Gra\u0111ani ne vide za\u0161to su migranti sme\u0161teni ba\u0161 u njihovim mestima i ne znaju skoro ni\u0161ta o njima. Mi o migrantima uglavnom \u010dujemo kada ih Narodna patrola presretne, a vrlo retko \u010dujemo ne\u0161to afirmativno o ljudima koji su u migraciji. Meni je jako va\u017ena bila vest da su migranti u prihvatnom centru u Somboru sakupili oko 60.000 dinara za pomo\u0107 za le\u010denje male Anike (bebe obolelele od spinalne mi\u0161i\u0107ne atrofije). Kod nas na\u017ealost ne postoje vesti koje mogu da humanizuju te ljude\u201c, ocenila je Dukari\u0107.\u00a0\u00a0<\/p>\n<p><strong>Nastup politi\u010dara u Skup\u0161tini skretanje pa\u017enje sa ekonomskih problema <\/strong><\/p>\n<p>Govore\u0107i o <a href=\"https:\/\/balkans.aljazeera.net\/opinions\/2020\/12\/3\/seka-sablic-i-dragan-bjelogrlic-najveci-neprijatelji-danasnje-srbije\">zapaljivim govorima predstavnika vladaju\u0107e stranke<\/a> u Skup\u0161tini Srbije, Dukari\u0107 je rekla da se trudi da ta atmosfera na nju ne uti\u010de, mada je svesna da uti\u010de na na\u0161e \u017eivote na svakodnevnom nivou. Kako je rekla, poenta je da \u0107emo uskoro imati ekonomsku krizu i masovno otpu\u0161tanje radnika, a politi\u010dari na vlasti moraju da naprave ne\u0161to \u0161to \u0107e ljudima skrenuti pa\u017enju sa toga.\u00a0\u00a0<\/p>\n<p>\u201eMeni deluje da smo mi samo nedovoljno zainteresovani za onaj deo \u017eivota koji su okupirali oni koji imaju mo\u0107. Po meni je poenta da smo mi jedna siroma\u0161na zamlja ali da ipak mo\u017eemo da funkcioni\u0161emo, mada je pitanje dokle i kako \u0107e to da izgleda, odnosno koliko \u0107e taj politi\u010dki deo uticati na na\u0161 \u017eivot konkretno\u201c, rekla je Dukari\u0107.\u00a0<\/p>\n<p>Nevladine organizacije u Srbiji stalno na tapetu i stalno ih napadaju\u00a0<\/p>\n<p>Govore\u0107i o radu i delovanju nevladinih organizacija u Srbiji, ocenila je da je danas te\u0161ko biti vidljiv, i pored \u010dinjenice da je nevladin sektor izuteno va\u017ean u svakoj dr\u017eavi jer je korektivni faktor i radi ono \u0161to dr\u017eava ne radi.\u00a0\u00a0<\/p>\n<p>\u201eNe vidim nikakvu razliku u tretiranju nas nekada i sada, samo \u0161to se sada teme mnogo te\u017ee kandiduju da budu relevantne. Mi se bavimo temama koje su u vezi sa suo\u010davanjem sa pro\u0161lo\u0161\u0107u i to je na\u0161 glavni fokus. Jako je te\u0161ko u situaciji kada imate milion i jedan problem re\u0107i \u0161ta se desilo u Vukovaru, Sarajevu ili Srebrenici. Jako je te\u0161ko gra\u0111anima objasniti za\u0161to je va\u017eno da oni to znaju\u201c, rekla je Dukari\u0107 i dodala da \u0107e tada gra\u0111ani lak\u0161e razumeti za\u0161to je neko <a href=\"https:\/\/www.autonomija.info\/prekreceni-grafiti-mrznje-na-gruhonjicevom-ulazu.html\">novinaru Dinku Gruhonji\u0107u<\/a> do\u0161ao i na ulazu napisao onakve parole.\u00a0\u00a0<\/p>","protected":false},"excerpt":{"rendered":"<p>Jelena Dukari\u0107 iz Vojvo\u0111anskog gra\u0111anskog centra ocenila je da ekstremisti\u010dke grupacije i desni\u010dari u Srbiji slu\u017ee kao produ\u017eena ruka vlasti i pri\u010daju one stvari koje politi\u010dari na zvani\u010dnim funkcijama ne bi smeli da pri\u010daju.\u00a0\u00a0 \u201eOni \u010dak i nisu uvek u potpunoj kontroli politi\u010dara nego je \u010dinjenica da su neke stvari spremni i sami da urade&#8230;.<\/p>","protected":false},"author":3,"featured_media":30315,"comment_status":"close","ping_status":"closed","sticky":false,"template":"","format":"audio","meta":{"footnotes":""},"categories":[218],"tags":[],"class_list":["post-63905","post","type-post","status-publish","format-audio","has-post-thumbnail","hentry","category-ogledalo","post_format-post-format-audio"],"_links":{"self":[{"href":"https:\/\/podcast.rs\/en\/wp-json\/wp\/v2\/posts\/63905","targetHints":{"allow":["GET"]}}],"collection":[{"href":"https:\/\/podcast.rs\/en\/wp-json\/wp\/v2\/posts"}],"about":[{"href":"https:\/\/podcast.rs\/en\/wp-json\/wp\/v2\/types\/post"}],"author":[{"embeddable":true,"href":"https:\/\/podcast.rs\/en\/wp-json\/wp\/v2\/users\/3"}],"replies":[{"embeddable":true,"href":"https:\/\/podcast.rs\/en\/wp-json\/wp\/v2\/comments?post=63905"}],"version-history":[{"count":1,"href":"https:\/\/podcast.rs\/en\/wp-json\/wp\/v2\/posts\/63905\/revisions"}],"predecessor-version":[{"id":63906,"href":"https:\/\/podcast.rs\/en\/wp-json\/wp\/v2\/posts\/63905\/revisions\/63906"}],"wp:featuredmedia":[{"embeddable":true,"href":"https:\/\/podcast.rs\/en\/wp-json\/wp\/v2\/media\/30315"}],"wp:attachment":[{"href":"https:\/\/podcast.rs\/en\/wp-json\/wp\/v2\/media?parent=63905"}],"wp:term":[{"taxonomy":"category","embeddable":true,"href":"https:\/\/podcast.rs\/en\/wp-json\/wp\/v2\/categories?post=63905"},{"taxonomy":"post_tag","embeddable":true,"href":"https:\/\/podcast.rs\/en\/wp-json\/wp\/v2\/tags?post=63905"}],"curies":[{"name":"wp","href":"https:\/\/api.w.org\/{rel}","templated":true}]}}