{"id":63897,"date":"2021-04-23T09:00:00","date_gmt":"2021-04-23T07:00:00","guid":{"rendered":"https:\/\/podcast.rs\/?p=63897"},"modified":"2023-02-03T21:17:39","modified_gmt":"2023-02-03T19:17:39","slug":"od-nacionalizma-se-tesko-leci","status":"publish","type":"post","link":"https:\/\/podcast.rs\/en\/od-nacionalizma-se-tesko-leci\/","title":{"rendered":"Od nacionalizma se te\u0161ko le\u010di"},"content":{"rendered":"<p><strong>Nakon Protesta protiv fa\u0161izma koji je odr\u017ean krajem aprila 2021.<\/strong><br \/><strong>na Trgu slobode u Novom Sadu, a \u010diji je povod bio uli\u010dno nasilje, napadnu novinar Da\u0161ko Milinovi\u0107, navodi da se ne pla\u0161i da iza\u0111e na ulicu, ali da je siguran da \u0107e se sli\u010dne stvari de\u0161vati i u budu\u0107nosti.<\/strong>\u00a0<\/p>\n<p>Kao razog iznena\u0111enosti javnosti na vi\u0161e iznena\u0111ena brzom reakcijom policije nego uli\u010dnim nasiljem Milinovi\u0107 navodi nedostatak institucija. \u00a0<\/p>\n<p>\u00a0\u201eTu\u017ena je ta zemlja u kojoj policiji treba neki poseban mig sa vrha da ozna\u010di da treba  da radi svoj posao\u201c, rekao je Milinovi\u0107 za podkast \u201eOgledalo\u201c i dodao je da je jasno bilo da \u0107e napada\u010di biti brzo prona\u0111eni s obzirom da su svoju zabrinutost izrazili i Ana Brnabi\u0107, Milo\u0161 Vu\u010devi\u0107 i Maja Gojkovi\u0107. \u00a0<\/p>\n<p>\u00a0\u201eKada ima\u0161 mo\u0107nog protivnika u vidu sistema, najbolje je da se sakrije\u0161 u javnost\u201c, obja\u0161njava ovaj autor emisije \u201eAlarm\u201c, navode\u0107i primer novinarke Ane Lalovi\u0107 na \u010dije su hap\u0161enje reagovale kolege, kako je, kako navodi, \u201ene bi pojeo mrak u tom trenutku mraka\u201c. Vandredno stanje predstavljalo je period autocenzure jer vlast imala mo\u0107 da nepodobne novinare skloni, od \u010dega je Milinovi\u0107 strahovao.\u00a0<\/p>\n<p>\u00a0Sli\u010dni napadi \u0107e se de\u0161avati u budu\u0107nosti, dokle god postoji neko ko di\u017ee glas<br \/>nacionalisti\u010dkom narativu, navodi Miliinovi\u0107 dodaju\u0107i da se ne mo\u017ee \u017eiveti sa<br \/>o\u010dima na le\u0111ima. \u00a0<\/p>\n<p>\u00a0<strong>Nacionalizam je najni\u017ei oblik dru\u0161tvene svesti<\/strong>\u00a0<\/p>\n<p>\u00a0\u201eTo je jedna kolektivna paranoja u koju ljudi kad upadnu, to se te\u0161ko le\u010di. Kad se jednom zarazi\u0161 time izgubi\u0161 sposobnost kriti\u010dkog mi\u0161ljenja, kad po\u010dne\u0161 da<br \/>posmatra\u0161 stvari kroz prizmu nacionalizma\u201c, rekao je Milinovi\u0107 obja\u0161njavaju\u0107i<br \/>da je lako manipulisati ljudima u nacionalisti\u010dkom narativu, koji je naprihva\u0107eniji u siroma\u0161nom dru\u0161tvu, koje u kombinaciji sa neznanjem, nacionalizma prihvataju kao \u017eivotni sti. \u00a0<\/p>\n<p>\u00a0Fa\u0161izam se rebrendirao u patriotizam, smatra Milinovi\u0107, a najvi\u0161e su ugro\u017eeni mladi ljudi kojima je prirodno da se priklone radikalnom, a alternativa im nije<br \/>ponu\u0111ena. Uli\u010dni fa\u0161izam u Srbiji la\u017ena je puna, jer je priklonjeno krilo visoke politike. \u00a0<\/p>\n<p>\u00a0\u201eTi stavovi koje oni prosipaju, to je samo malo radikalnije od onoga \u0161to mo\u017ee\u0161 da \u010duje\u0161 u Drugom dnevniku\u201c, dodaju\u0107i da je zabrinut zbog blizina politi\u010dke<br \/>mragine sa politi\u010dkim mejnstrimom podse\u0107aju\u0107i da je trenutna vladaju\u0107a stranka nastala iz jedne fa\u0161isti\u010dke organizacije.\u00a0<\/p>","protected":false},"excerpt":{"rendered":"<p>Nakon Protesta protiv fa\u0161izma koji je odr\u017ean krajem aprila 2021.na Trgu slobode u Novom Sadu, a \u010diji je povod bio uli\u010dno nasilje, napadnu novinar Da\u0161ko Milinovi\u0107, navodi da se ne pla\u0161i da iza\u0111e na ulicu, ali da je siguran da \u0107e se sli\u010dne stvari de\u0161vati i u budu\u0107nosti.\u00a0 Kao razog iznena\u0111enosti javnosti na vi\u0161e iznena\u0111ena&#8230;<\/p>","protected":false},"author":3,"featured_media":30315,"comment_status":"close","ping_status":"closed","sticky":false,"template":"","format":"audio","meta":{"footnotes":""},"categories":[218],"tags":[],"class_list":["post-63897","post","type-post","status-publish","format-audio","has-post-thumbnail","hentry","category-ogledalo","post_format-post-format-audio"],"_links":{"self":[{"href":"https:\/\/podcast.rs\/en\/wp-json\/wp\/v2\/posts\/63897","targetHints":{"allow":["GET"]}}],"collection":[{"href":"https:\/\/podcast.rs\/en\/wp-json\/wp\/v2\/posts"}],"about":[{"href":"https:\/\/podcast.rs\/en\/wp-json\/wp\/v2\/types\/post"}],"author":[{"embeddable":true,"href":"https:\/\/podcast.rs\/en\/wp-json\/wp\/v2\/users\/3"}],"replies":[{"embeddable":true,"href":"https:\/\/podcast.rs\/en\/wp-json\/wp\/v2\/comments?post=63897"}],"version-history":[{"count":1,"href":"https:\/\/podcast.rs\/en\/wp-json\/wp\/v2\/posts\/63897\/revisions"}],"predecessor-version":[{"id":63898,"href":"https:\/\/podcast.rs\/en\/wp-json\/wp\/v2\/posts\/63897\/revisions\/63898"}],"wp:featuredmedia":[{"embeddable":true,"href":"https:\/\/podcast.rs\/en\/wp-json\/wp\/v2\/media\/30315"}],"wp:attachment":[{"href":"https:\/\/podcast.rs\/en\/wp-json\/wp\/v2\/media?parent=63897"}],"wp:term":[{"taxonomy":"category","embeddable":true,"href":"https:\/\/podcast.rs\/en\/wp-json\/wp\/v2\/categories?post=63897"},{"taxonomy":"post_tag","embeddable":true,"href":"https:\/\/podcast.rs\/en\/wp-json\/wp\/v2\/tags?post=63897"}],"curies":[{"name":"wp","href":"https:\/\/api.w.org\/{rel}","templated":true}]}}