{"id":63891,"date":"2021-07-16T18:24:06","date_gmt":"2021-07-16T16:24:06","guid":{"rendered":"https:\/\/podcast.rs\/?p=63891"},"modified":"2023-02-03T21:17:37","modified_gmt":"2023-02-03T19:17:37","slug":"moramo-da-naucimo-da-zivimo-jedni-s-drugima","status":"publish","type":"post","link":"https:\/\/podcast.rs\/en\/moramo-da-naucimo-da-zivimo-jedni-s-drugima\/","title":{"rendered":"Moramo da nau\u010dimo da \u017eivimo jedni s drugima"},"content":{"rendered":"<p>Tek tre\u0107ina gra\u0111ana Srbije smatra da Crna Gora treba da bude samostalna dr\u017eava. \u010cak 62% negira postojanje Crnogorske nacije.<\/p>\n<p>Ovo su rezultati istra\u017eivanja \u201cStavovi gra\u0111ana Srbije o Crnogorcima\u201d koje je sprovela agencija Nina media, na reprezentativnom uzorku od 1003 gra\u0111ana. Istra\u017eivanje je naru\u010dilo udru\u017eenje Crnogorski elektori Srbije, a rezultate je prezentovalo i Vovojvo\u0111anska politikolo\u0161ka asocijacija (VPA) i Asocijacija filozofa, sociologa i politikologa \u201cPolis\u201d iz Vrbasa 1. jula u Novom Sadu.<\/p>\n<p>Istra\u017eivanje je pokazalo da bi jednoj tre\u0107ini smetalo da Crnogorac ima rokovode\u0107i polo\u017eaj u dr\u017eavi, a ako petine ne bi pristalo da Crnogorac bude vaspita\u010d njihovoj deci i da im bude pretpostavljeni na poslu. Petnaest posto ne bi dozvolilo da im pripadnik crnogorske nacionalne zajednice bude u bliskom srodstvu putem vlastitog braka ili braka dece. Paradoksalno, oko \u010detvrtina ispitanih vodi neko poreklo i ima nekih rodbinskih veza sa Crnom Gorom.\u00a0<\/p>\n<p>Mihaljlo Mileti\u0107 iz Crnogorskih elektora Srbije smatra da su ovakvi rezultati posledica medijske hajke na Crnogorce koje imaju za svrhu stvaranje konflikata.\u00a0<\/p>\n<p>\u201cTo  je u interesu ljudima koji se najbolje ose\u0107aju u krizama, koji najbolje upravljaju krizama i koji ja\u0161u na krizama, a to znamo od devedestih. Na sukobima grade svoju karijeru i velika politi\u010dka dostignu\u0107a, gde skupljaju politi\u010dke bodove i onda je lako manipulisati masama. Uvek vam je neko drugi kriv\u201d, navodi Mileti\u0107.<\/p>\n<p>Moramo da nau\u010dimo da \u017eivimo zajedno jer konflikt nikome nije doneo dobro, smatra Mileti\u0107. Srbiju po\u0161tuje i isto o\u010dekuje od nje.\u00a0<\/p>\n<p>\u201cJa sam gra\u0111anin Srbije, i volim Srbiju kao svaki Srbin odavde. I ja ne \u017eelim da mi neko ka\u017ee da ima monopol na voljenje svoje dr\u017eave\u201d, ka\u017ee Mileti\u0107 i dodaje da treba da ima sva prava koja imaju i drugi gra\u0111ani, bez obzira na to kako se nacionalno ose\u0107a.<\/p>\n<p>Prebrojavanje krvnih zranaca i ve\u010dito vra\u0107anje na istoriju za koju dopu\u0161tamo da uslovljava sada\u0161njost stvara nove konflikte i ne dou\u0161ta da se razmi\u0161ljamo o budu\u0107nosti, smatra sagovornik podkasta \u201cOgledalo\u201d.\u00a0<\/p>\n<p>\u201cMi jedni drugima, u istoriji mo\u017eemo da tra\u017eimo hiljadu lo\u0161ih stvari, i to \u0107e samo proizvesti jo\u0161 ve\u0107e podele. Mi tako nikada ne\u0107emo da se okrenemo budu\u0107nosti. Mi \u017eivimo u sada\u0161njem vremenu i treba da gledamo budu\u0107nost\u201d, obja\u0161njava predstavnik udru\u017eenja \u010diji je fokus na gra\u0111anskom dru\u0161tvu i demokratiji.\u00a0<\/p>\n<p>Me\u0111utim, menjanje istorijskih \u010dinjenica, kao i neprepoznavanje prava Crnogoraca kao nacionalne zajednice, mo\u017ee biti opasno, navodi Mileti\u0107.\u00a0<\/p>\n<p>\u201cJa gledam ud\u017ebenik istorije svog deteta. On se razlikuje od mog ud\u017ebenika. Ako menjate podatke iz istorije i tvrdite da se dogodilo ne\u0161to \u0161to nije bilo, to je agesivna asmilacija\u201d, zaklju\u010duje Mileti\u0107.<\/p>\n<p>Autorka: Sanja \u0110or\u0111evi\u0107<\/p>","protected":false},"excerpt":{"rendered":"<p>Tek tre\u0107ina gra\u0111ana Srbije smatra da Crna Gora treba da bude samostalna dr\u017eava. \u010cak 62% negira postojanje Crnogorske nacije. Ovo su rezultati istra\u017eivanja \u201cStavovi gra\u0111ana Srbije o Crnogorcima\u201d koje je sprovela agencija Nina media, na reprezentativnom uzorku od 1003 gra\u0111ana. Istra\u017eivanje je naru\u010dilo udru\u017eenje Crnogorski elektori Srbije, a rezultate je prezentovalo i Vovojvo\u0111anska politikolo\u0161ka asocijacija&#8230;<\/p>","protected":false},"author":3,"featured_media":30315,"comment_status":"close","ping_status":"closed","sticky":false,"template":"","format":"audio","meta":{"footnotes":""},"categories":[218],"tags":[],"class_list":["post-63891","post","type-post","status-publish","format-audio","has-post-thumbnail","hentry","category-ogledalo","post_format-post-format-audio"],"_links":{"self":[{"href":"https:\/\/podcast.rs\/en\/wp-json\/wp\/v2\/posts\/63891","targetHints":{"allow":["GET"]}}],"collection":[{"href":"https:\/\/podcast.rs\/en\/wp-json\/wp\/v2\/posts"}],"about":[{"href":"https:\/\/podcast.rs\/en\/wp-json\/wp\/v2\/types\/post"}],"author":[{"embeddable":true,"href":"https:\/\/podcast.rs\/en\/wp-json\/wp\/v2\/users\/3"}],"replies":[{"embeddable":true,"href":"https:\/\/podcast.rs\/en\/wp-json\/wp\/v2\/comments?post=63891"}],"version-history":[{"count":1,"href":"https:\/\/podcast.rs\/en\/wp-json\/wp\/v2\/posts\/63891\/revisions"}],"predecessor-version":[{"id":63892,"href":"https:\/\/podcast.rs\/en\/wp-json\/wp\/v2\/posts\/63891\/revisions\/63892"}],"wp:featuredmedia":[{"embeddable":true,"href":"https:\/\/podcast.rs\/en\/wp-json\/wp\/v2\/media\/30315"}],"wp:attachment":[{"href":"https:\/\/podcast.rs\/en\/wp-json\/wp\/v2\/media?parent=63891"}],"wp:term":[{"taxonomy":"category","embeddable":true,"href":"https:\/\/podcast.rs\/en\/wp-json\/wp\/v2\/categories?post=63891"},{"taxonomy":"post_tag","embeddable":true,"href":"https:\/\/podcast.rs\/en\/wp-json\/wp\/v2\/tags?post=63891"}],"curies":[{"name":"wp","href":"https:\/\/api.w.org\/{rel}","templated":true}]}}