{"id":63889,"date":"2021-08-20T10:41:58","date_gmt":"2021-08-20T08:41:58","guid":{"rendered":"https:\/\/podcast.rs\/?p=63889"},"modified":"2023-02-03T21:17:36","modified_gmt":"2023-02-03T19:17:36","slug":"da-ne-padne-vise-nijedno-drvo","status":"publish","type":"post","link":"https:\/\/podcast.rs\/en\/da-ne-padne-vise-nijedno-drvo\/","title":{"rendered":"Da ne padne vi\u0161e nijedno drvo"},"content":{"rendered":"<p>Nedavno je, dok je \u0161etao Fru\u0161kom gorom, Petar \u017divanovi\u0107 nai\u0161ao na prizor se\u010de stabala u ovom nacionalnom parku i umesto obja\u0161njenja o \u010demu se ta\u010dno radi, \u017divanovi\u0107 je dobio psovke i udarce. Nasilnici su tako\u0111e \u017divanovi\u0107u oduzeli telefon, kako bi uklonili dokaze o navodnom nedelu koje su pravili.\u00a0<\/p>\n<p>Petar \u017divanovi\u0107, koji je aktivista Pokreta &#8222;Odbranimo \u0161ume Fru\u0161ke gore&#8220;, svoj aktivizam izra\u017eava tako \u0161to sakuplja sme\u0107e iz ovog parka prirode i ostavlja ga ispred preduze\u0107a koja je zadu\u017eena za njegovo o\u010duvanje Javnog preduze\u0107a Nacionalni park Fru\u0161ka gora.\u00a0<\/p>\n<p>Upravo su tu, pre nekoliko dana, ekolo\u0161ka udru\u017eenja organizovala prostest protiv naslilja i povodom za\u0161tite prirode. Jedna od govornica, predsednica pokreta \u201cOdbranimo \u0161ume Fru\u0161ke gore\u201d Dragana Arsi\u0107 istakla je da ekolo\u0161ka udru\u017eenja nisu neprijatelji javnog preduze\u0107a, ve\u0107 naprotiv, prijatelji jer imaju zajedni\u010dki cilj &#8211; o\u010duvanje prirode.\u00a0\u00a0<\/p>\n<p>Predsednik Aleksandar Vu\u010di\u0107 reagovao je na ovaj doga\u0111aj, rekav\u0161i da je ta\u010dno da se nasilje dogodilo i \u0107e se suditi \u201cni po babu, ni po stri\u010devima\u201d.\u00a0<\/p>\n<p>\u201cMi gajimo nadu da \u0107e zaista tako biti, ali je jako bitan kontekst. Petra su pretukli jer ih je uhvatio u jednoj nelegalnoj radnji. Mi sumnjamo da je to bila nelegalna radnja, ali evo, predsednik nam je to i potvrdio\u201d, navodi Dragana Arsi\u0107.\u00a0<\/p>\n<p>Vu\u010di\u0107 je i optu\u017eio RTS da radi protiv dr\u017eave zato \u0161to je objavio prilog o protestu, nazvav\u0161i organizatore protesta stranim pla\u0107enicima. Arsi\u0107 smatra da je ovo skandalozna izjava.<\/p>\n<p>\u201cSvaki put kad je RTS objavio doga\u0111aj sa jednim neutralnim komentarom, e to je onda signal za napad sa najvi\u0161eg vrha, da RTS ne radi posao kako treba\u201d, ocenjuje Arsi\u0107.\u00a0<\/p>\n<p>Licemerno je to \u0161to dr\u017eava, koriste\u0107i retoriku devedesetih, lepi etikete stranih pla\u0107enika ekolo\u0161kim organizacijama, kada i ona sama dobija sredstva sa strane &#8211; \u010dak se i njima ponosi, navodi ova aktivistkinja.\u00a0<\/p>\n<p>\u201cTaj epitet se dobro prima u bira\u010dkom telu. \u010cim ka\u017eete da je neko strani pla\u0107enik, vi izazivate Pavlovljev refleks kod gra\u0111ana koji povr\u0161no promatraju na\u0161u stvarnost. Ali to se menja\u201d, obja\u0161njava Arsi\u0107, dodaju\u0107i da ljudi prepoznaju njihovu borbu za za\u0161titu prirode i op\u0161te dobro.\u00a0\u00a0<\/p>\n<p><strong>Za\u0161ti\u0107eno samo na papiru<\/strong><\/p>\n<p>Nacionalni park Fru\u0161ka gora je za\u0161ti\u0107eno podru\u010dje prirode. Dragana Arsi\u0107 smatra da je najve\u0107i problem to \u0161to dr\u017eava nema pravi odnos prema svojim za\u0161tit\u0107enim podru\u010djima, jer u praksi ona imaju komercijalni tretman, i \u0161ume na Fru\u0161koj gori se tretiraju kao da su privredne \u0161ume.<\/p>\n<p>\u201cJavno preduze\u0107e \u201cNP Fru\u0161ka gora\u201d jeste firma koja ima oko 140 zaposlenih i oni se finasiraju od se\u010de \u0161ume. Zakonska regulativa je neadekvatna u potpunosti\u201d, smatra ona.\u00a0<\/p>\n<p>Postoji dva na\u010dina uni\u0161tavanja \u0161ume. Legalno je se\u010dom javnog preduze\u0107a preko svojih ugovorenih firmi. To su planske aktivnosti, koje su prekomerne, komercijalne i potpuno neprimerene za\u0161ti\u0107enom podru\u010dju, navodi Arsi\u0107 i dodaje da sa druge strane postoji nesavesno upravljanje.<\/p>\n<p>\u201cOd svih aktivnosti koje su vezane za prirodu, ilegalne \u0161umske aktivnosti su najte\u017ee dokazive u celom svetu, jer je to umre\u017een sistem. Mi smo podneli prijavu protiv jedne organizovane grupacije, a na \u010delu te grupacije je visoki dr\u017eavnik\u201d, navodi ova aktivistkinja.\u00a0\u00a0<\/p>\n<p>Projekat po\u0161umljavanja Fru\u0161ke gore povodom 60 godina postojanja Nacionalnog parka, po kojem je planirana sadnja 60.000 stabala, Arsi\u0107 ocenjuje kao ekomanipulaciju, jer se o zasa\u0111enim stablima naknadno ne vodi ra\u010duna.\u00a0<\/p>\n<p>\u201cOni su tolerisali sve one nesavesne radnje, i dalje imaju planove se\u010da koji su enormne. U praksi smo videli da su ta po\u0161umljavanja uglavnom neuspe\u0161na, jer se nakon sa\u0111enja tih sadnica ne radi pravilna nega\u201d, navodi Arsi\u0107 i dodaje da JP \u201cNP Fru\u0161ka gora\u201d nema u svom bud\u017eetu planski opredeljena sredstva za po\u0161umljavanje.\u00a0<\/p>\n<p>Postoje\u0107e \u0161ume imaju nemerljivu vrednost. \u0160uma nije samo drve\u0107e, ve\u0107 kompleksan biodiverzitet, podse\u0107a Arsi\u0107, te se \u0161teta ne mo\u017ee nadomestiti sa\u0111enjem novih stabala. Fokus treba da bude na o\u010duvanju postoje\u0107ih.\u00a0<\/p>\n<p>\u201cKada pose\u010dete \u0161umu koja je stara 50-100 godina, vidite koliko bi vam trebalo vremena da podignete takvu \u0161umu ponovo. Tim pre \u0161to Fru\u0161ka gora nije podru\u010dje komercijalne namene, ve\u0107 ima status nacionalnog parka &#8211; Fru\u0161ka gora je bogata endemskim vrstama, ima jedinstven biodiverzitet i zato ne sme da ima kojmecijalnu namenu, \u0161to se u praksi radi\u201d, zaklju\u010duje Dragana Arsi\u0107.<\/p>\n<p>Na podkastu radila Sanja \u0110or\u0111evi\u0107.\u00a0<\/p>","protected":false},"excerpt":{"rendered":"<p>Nedavno je, dok je \u0161etao Fru\u0161kom gorom, Petar \u017divanovi\u0107 nai\u0161ao na prizor se\u010de stabala u ovom nacionalnom parku i umesto obja\u0161njenja o \u010demu se ta\u010dno radi, \u017divanovi\u0107 je dobio psovke i udarce. Nasilnici su tako\u0111e \u017divanovi\u0107u oduzeli telefon, kako bi uklonili dokaze o navodnom nedelu koje su pravili.\u00a0 Petar \u017divanovi\u0107, koji je aktivista Pokreta &#8222;Odbranimo&#8230;<\/p>","protected":false},"author":3,"featured_media":30315,"comment_status":"close","ping_status":"closed","sticky":false,"template":"","format":"audio","meta":{"footnotes":""},"categories":[218],"tags":[],"class_list":["post-63889","post","type-post","status-publish","format-audio","has-post-thumbnail","hentry","category-ogledalo","post_format-post-format-audio"],"_links":{"self":[{"href":"https:\/\/podcast.rs\/en\/wp-json\/wp\/v2\/posts\/63889","targetHints":{"allow":["GET"]}}],"collection":[{"href":"https:\/\/podcast.rs\/en\/wp-json\/wp\/v2\/posts"}],"about":[{"href":"https:\/\/podcast.rs\/en\/wp-json\/wp\/v2\/types\/post"}],"author":[{"embeddable":true,"href":"https:\/\/podcast.rs\/en\/wp-json\/wp\/v2\/users\/3"}],"replies":[{"embeddable":true,"href":"https:\/\/podcast.rs\/en\/wp-json\/wp\/v2\/comments?post=63889"}],"version-history":[{"count":1,"href":"https:\/\/podcast.rs\/en\/wp-json\/wp\/v2\/posts\/63889\/revisions"}],"predecessor-version":[{"id":63890,"href":"https:\/\/podcast.rs\/en\/wp-json\/wp\/v2\/posts\/63889\/revisions\/63890"}],"wp:featuredmedia":[{"embeddable":true,"href":"https:\/\/podcast.rs\/en\/wp-json\/wp\/v2\/media\/30315"}],"wp:attachment":[{"href":"https:\/\/podcast.rs\/en\/wp-json\/wp\/v2\/media?parent=63889"}],"wp:term":[{"taxonomy":"category","embeddable":true,"href":"https:\/\/podcast.rs\/en\/wp-json\/wp\/v2\/categories?post=63889"},{"taxonomy":"post_tag","embeddable":true,"href":"https:\/\/podcast.rs\/en\/wp-json\/wp\/v2\/tags?post=63889"}],"curies":[{"name":"wp","href":"https:\/\/api.w.org\/{rel}","templated":true}]}}