{"id":63887,"date":"2021-09-17T11:35:30","date_gmt":"2021-09-17T09:35:30","guid":{"rendered":"https:\/\/podcast.rs\/?p=63887"},"modified":"2023-02-03T21:17:36","modified_gmt":"2023-02-03T19:17:36","slug":"kome-smeta-jako-pozoriste","status":"publish","type":"post","link":"https:\/\/podcast.rs\/en\/kome-smeta-jako-pozoriste\/","title":{"rendered":"Kome smeta jako pozori\u0161te?"},"content":{"rendered":"<p>Cenzurisanje predstave \u201cKazimir i Karolina\u201d Sala\u0161arskog pozori\u0161ta omogu\u0107eno je centarlizacijom dono\u0161enja odluka na Nacionalni savet Ma\u0111ara, u kome nema politi\u010dkog pluralizma, smatra politikolog Silard Jano\u0161 Tot.\u00a0<\/p>\n<p>Deo studenata Akademije umetnosti pravi predstave na ma\u0111arskom jeziku i ve\u0107 \u010detiri decenije organizuje putuju\u0107u trupu koja gostuje po manjim, manjinskim mestima u Vojvodini, dovode\u0107i na ovaj na\u010din, kako ka\u017eu, \u0160ekspira me\u0111u kukuruzima.<\/p>\n<p>Sala\u0161arsko pozori\u0161te ovog leta na reptoaru je imalo predstavu &#8222;Kazmir i Karolina&#8220;, pisca ma\u0111arskog porekla Edena fon Horvata. Drama je napisana tridesetih godina pro\u0161log veka i govori o dvoje mladih \u010dija je veza osu\u0111ena na propast zbog dru\u0161tvenih okolnosti, dok cveta nacizam, a narod se pravi da je sve u redu, slave\u0107i Oktobarfest.\u00a0<\/p>\n<p>Tri godine nakon premijere, konkretnije 1933, izvo\u0111enje ove predstave biva zabranjeno u pozori\u0161tima Berlina, a njen tekst spaljivan jer se nije nije uklapao sa nacisti\u010dkim idejama. Turneja predstave je ponovo zabranjena ovog leta, u Vojvodini, od strane Ma\u0111arskog nacionalnog saveta, a negodovanju se priklju\u010dio predsednik stranke Savez vojvo\u0111anskih Ma\u0111ara (SVM), I\u0161tvan Pastor.\u00a0<\/p>\n<p>Politikolog Silad Jano\u0161 Tot, smatra da razlozi koji su Savet i SVM naveli, a to su navodne psovke u predstavi, nisu pravi razlozi ukidanja predstave i da se pravi razlozi strogo politi\u010dki.\u00a0<\/p>\n<p>\u201cSvi koji su videli predstavu znaju da ova predstava ima svoju politi\u010dku nameru. To va\u017ei za tekst i re\u017eiju. Ne vidim nikakav problem u tome jer umetni\u010dka sloboda ne zna\u010di da umetnik ne mo\u017ee da ima politi\u010dki stav, naprotiv. Umetni\u010dka sloboda mo\u017ee da izra\u017eava o politici \u0161ta god ho\u0107e i da politi\u010dari ne mogu da uti\u010du na to\u201d, navodi Tot.\u00a0\u00a0<\/p>\n<p>Re\u017eiser Robert Lenard u fokus stavlja predstavu nakaza, \u017eele\u0107i da ka\u017ee da nakaze nisu \u201c\u010dudni\u201d ljudi, ve\u0107 normalni ljudi koji se prema druga\u010dijima pona\u0161aju lo\u0161e. Tot poruci \u201cudara\u201d paralelu sa politikom Viktora Orbana koji pod \u201c\u010dudne ljude\u201d svrstava pripadnike LGBT+ zajednice.\u00a0<\/p>\n<p>\u201cTo je glavna politi\u010dka poruka ove predstave. Mislim da je njeno zabranjivanje deo politi\u010dke kampanje glavnog mentora SMV-a, Orbanove Fides stranke\u201d, obja\u0161njava Tot.\u00a0<\/p>\n<p>Nacionalni saveti nastali su kako bi se manjine za\u0161titile od nacionalisti\u010dkih ispada ve\u0107inskog naroda i kako bi imale svoju autonomiju. To je dovelo do toga da manjinske kulturne i medijske institucije budu pod kontrolom nacionalih saveta koji bi trebali da predstavljaju politi\u010dki pluralizam, podse\u0107a Tot.\u00a0<\/p>\n<p>\u201cTo je bila cena koju smo platili da bismo se \u0161titili od srpskog nacionalizma. Sada su ove institucije totalno pod kontrolom ma\u0111arske elite. Zato imamo situaciju da je turneja jedne pozori\u0161ne predstave ukinuta samo zato \u0161to je jedna stranka to \u017eelela\u201d, navodi Tot.\u00a0<\/p>\n<p>Kada je cela ova kontroverza po\u010dela, \u010dak su i u prore\u017eimskim novinama obljavljeni \u010dlanci da je Stranka vojvo\u0111anskih Ma\u0111ara pomalo preterala. Sa druge strane, prema nezvani\u010dnim saznanjima, \u010dulo se da \u010dak ni ma\u0111arska vlada nije dala podr\u0161ku za ovu akciju Pastorove stranke, smatra politikolog.<\/p>\n<p>\u201cVerovatno\u0107a je da je SVM \u017eeleo da se poka\u017ee pred Orbanovom vladom, ali kad su za slu\u010daj \u010duli predstavnici ma\u0111arske vlade, oni su osudili da je ukidanje turneje jedne pozori\u0161ne predstave pomalo preterano\u201d, navodi Tot.<\/p>\n<p>Autorka podkasta: Sanja \u0110or\u0111evi\u0107<\/p>","protected":false},"excerpt":{"rendered":"<p>Cenzurisanje predstave \u201cKazimir i Karolina\u201d Sala\u0161arskog pozori\u0161ta omogu\u0107eno je centarlizacijom dono\u0161enja odluka na Nacionalni savet Ma\u0111ara, u kome nema politi\u010dkog pluralizma, smatra politikolog Silard Jano\u0161 Tot.\u00a0 Deo studenata Akademije umetnosti pravi predstave na ma\u0111arskom jeziku i ve\u0107 \u010detiri decenije organizuje putuju\u0107u trupu koja gostuje po manjim, manjinskim mestima u Vojvodini, dovode\u0107i na ovaj na\u010din, kako&#8230;<\/p>","protected":false},"author":3,"featured_media":30315,"comment_status":"close","ping_status":"closed","sticky":false,"template":"","format":"audio","meta":{"footnotes":""},"categories":[218],"tags":[],"class_list":["post-63887","post","type-post","status-publish","format-audio","has-post-thumbnail","hentry","category-ogledalo","post_format-post-format-audio"],"_links":{"self":[{"href":"https:\/\/podcast.rs\/en\/wp-json\/wp\/v2\/posts\/63887","targetHints":{"allow":["GET"]}}],"collection":[{"href":"https:\/\/podcast.rs\/en\/wp-json\/wp\/v2\/posts"}],"about":[{"href":"https:\/\/podcast.rs\/en\/wp-json\/wp\/v2\/types\/post"}],"author":[{"embeddable":true,"href":"https:\/\/podcast.rs\/en\/wp-json\/wp\/v2\/users\/3"}],"replies":[{"embeddable":true,"href":"https:\/\/podcast.rs\/en\/wp-json\/wp\/v2\/comments?post=63887"}],"version-history":[{"count":1,"href":"https:\/\/podcast.rs\/en\/wp-json\/wp\/v2\/posts\/63887\/revisions"}],"predecessor-version":[{"id":63888,"href":"https:\/\/podcast.rs\/en\/wp-json\/wp\/v2\/posts\/63887\/revisions\/63888"}],"wp:featuredmedia":[{"embeddable":true,"href":"https:\/\/podcast.rs\/en\/wp-json\/wp\/v2\/media\/30315"}],"wp:attachment":[{"href":"https:\/\/podcast.rs\/en\/wp-json\/wp\/v2\/media?parent=63887"}],"wp:term":[{"taxonomy":"category","embeddable":true,"href":"https:\/\/podcast.rs\/en\/wp-json\/wp\/v2\/categories?post=63887"},{"taxonomy":"post_tag","embeddable":true,"href":"https:\/\/podcast.rs\/en\/wp-json\/wp\/v2\/tags?post=63887"}],"curies":[{"name":"wp","href":"https:\/\/api.w.org\/{rel}","templated":true}]}}