{"id":63885,"date":"2021-10-15T14:07:59","date_gmt":"2021-10-15T12:07:59","guid":{"rendered":"https:\/\/podcast.rs\/?p=63885"},"modified":"2023-02-03T21:17:35","modified_gmt":"2023-02-03T19:17:35","slug":"kako-ce-novi-bundestag-uticati-na-balkan","status":"publish","type":"post","link":"https:\/\/podcast.rs\/en\/kako-ce-novi-bundestag-uticati-na-balkan\/","title":{"rendered":"Kako \u0107e novi Bundestag uticati na Balkan?"},"content":{"rendered":"<p>Dana 26. septembra odr\u017eani su izbori u Nema\u010dkoj, posebni po tome \u0161to obele\u017eavaju kraj \u0161esnaestogodi\u0161njeg mandata kancelarke Angele Merkel. Njena poslednja poslovna poseta pred izbore bila je Beogradu i Tirani, \u0161to ukazuje na njenu politi\u010dku zainteresovanost za ovaj deo Evrope.<\/p>\n<p>Me\u0111utim, mi\u0161ljenja o njenom delovanju na spoljnopoliti\u010dkom planu prema Balkanu su podeljena. Dok jedni u fokus stavljaju podr\u0161ku Merkelove por\u0161irenju Evropske unije, i otvoreno\u0161\u0107u za migracije, drugi skre\u0107u pa\u017enju na to da su zemlje Zapadnog Balkana od ovog saveza dalje nego \u0161to su bile 2005. godine.<\/p>\n<p>Merkelova odlazi, a iako znamo rezultate izbora, i dalje ne znamo ko \u0107e biti novi kancelar ili kancelarka i kakav \u0107e on ili ona imati odnos prema regionu. Du\u0161an Dini\u0107 iz Fondacije Friedrich Naumann, podse\u0107a da odluke koje se donose u Nema\u010dkoj zavise od razli\u010ditih faktora.<\/p>\n<p>\u201cNema\u010dka spoljna politika nije posledica rada jedne osobe. Ne mo\u017eemo re\u0107i da \u0107e do\u0107i do velikog zaokreta u politici ove zemlje\u201d, obja\u0161njava Dini\u0107 prognoziraju\u0107i da stabilokratija, kojom se rukovodila dosada\u0161nja kancelarka, mo\u017ee biti nastavljena.<\/p>\n<p>Jedan od rezultata rada Angele Merkel je i Berlinski prosec, \u010diji je cilj promocija regionalne saranje i ubrzano pribil\u017eavanje Zapadnog Balkana Evropskoj uniji. Na\u0161 sagovrnik navodi da je uticaj Berlinskog procesa pozitivan na region, ali i ograni\u010den.<\/p>\n<p>\u201cTo je konstanta koje se Nema\u010dka sigurno ne\u0107e odre\u0107i, jer na taj na\u010din mo\u017ee da uti\u010de na ovaj region. Ali ne treba ga ni podcenjivati ni precenjivati\u201d, navodi Dini\u0107.<\/p>\n<p>Pre 16 godina, kada je Merkelova do\u0161la na poziciju kancelarke vladala je euforija vezana za pristup 10 novih \u010dlanica. Sada smo, \u010dini se, mnogo udaljeniji od zastave sa zvezdicama.<\/p>\n<p>\u201cPre 16 godina smo bili bli\u017ei jedni drugima. Iza sebe, zbilja, imamo izgubljenu deceniju i po\u201d, navodi na\u0161 sagovornik.<\/p>\n<p>Vi\u0161e od 60 miliona ljudi imalo je pravo glasa u Nema\u010dkoj na ovim izborima. Gotovo 10 miliona ovo pravo nije imalo jer nisu dobili nema\u010dko dr\u017eavljanstvo. Me\u0111utim, pola miliona glasa\u010da bilo je stranog porekla, \u0161to zna\u010di da su imali pravo i da budu izabrani, a njih je najmanje osamdeset i troje, me\u0111u kojima je i nekoliko na\u0161ih ljudi. Du\u0161an Dini\u0107 obja\u0161njava da \u0107e oni pre svega zastupati nema\u010dke interese, a da mogu poslu\u017eiti kao most odnosno poznavaoci prilika u regionu.<\/p>\n<p>\u201cJosip Juratovi\u0107 je veoma uticajan \u010dovek. Tu je Jasmina Hostert i jo\u0161 jedan poslanika iz Bosne i Hercegovine. Imamo Borisa Mijatovi\u0107a ili gospodina Olivera Luk\u0161i\u0107a koji je crnogoskog porekla. Ali to su pre svega poslanici nema\u010dkog Bundestaga\u201d, podse\u0107a Dini\u0107.<\/p>\n<p>Razgovor vodila Sanja \u0110or\u0111evi\u0107.<\/p>","protected":false},"excerpt":{"rendered":"<p>Dana 26. septembra odr\u017eani su izbori u Nema\u010dkoj, posebni po tome \u0161to obele\u017eavaju kraj \u0161esnaestogodi\u0161njeg mandata kancelarke Angele Merkel. Njena poslednja poslovna poseta pred izbore bila je Beogradu i Tirani, \u0161to ukazuje na njenu politi\u010dku zainteresovanost za ovaj deo Evrope. Me\u0111utim, mi\u0161ljenja o njenom delovanju na spoljnopoliti\u010dkom planu prema Balkanu su podeljena. Dok jedni u&#8230;<\/p>","protected":false},"author":3,"featured_media":30315,"comment_status":"close","ping_status":"closed","sticky":false,"template":"","format":"audio","meta":{"footnotes":""},"categories":[218],"tags":[],"class_list":["post-63885","post","type-post","status-publish","format-audio","has-post-thumbnail","hentry","category-ogledalo","post_format-post-format-audio"],"_links":{"self":[{"href":"https:\/\/podcast.rs\/en\/wp-json\/wp\/v2\/posts\/63885","targetHints":{"allow":["GET"]}}],"collection":[{"href":"https:\/\/podcast.rs\/en\/wp-json\/wp\/v2\/posts"}],"about":[{"href":"https:\/\/podcast.rs\/en\/wp-json\/wp\/v2\/types\/post"}],"author":[{"embeddable":true,"href":"https:\/\/podcast.rs\/en\/wp-json\/wp\/v2\/users\/3"}],"replies":[{"embeddable":true,"href":"https:\/\/podcast.rs\/en\/wp-json\/wp\/v2\/comments?post=63885"}],"version-history":[{"count":1,"href":"https:\/\/podcast.rs\/en\/wp-json\/wp\/v2\/posts\/63885\/revisions"}],"predecessor-version":[{"id":63886,"href":"https:\/\/podcast.rs\/en\/wp-json\/wp\/v2\/posts\/63885\/revisions\/63886"}],"wp:featuredmedia":[{"embeddable":true,"href":"https:\/\/podcast.rs\/en\/wp-json\/wp\/v2\/media\/30315"}],"wp:attachment":[{"href":"https:\/\/podcast.rs\/en\/wp-json\/wp\/v2\/media?parent=63885"}],"wp:term":[{"taxonomy":"category","embeddable":true,"href":"https:\/\/podcast.rs\/en\/wp-json\/wp\/v2\/categories?post=63885"},{"taxonomy":"post_tag","embeddable":true,"href":"https:\/\/podcast.rs\/en\/wp-json\/wp\/v2\/tags?post=63885"}],"curies":[{"name":"wp","href":"https:\/\/api.w.org\/{rel}","templated":true}]}}