{"id":63883,"date":"2021-11-19T13:37:49","date_gmt":"2021-11-19T12:37:49","guid":{"rendered":"https:\/\/podcast.rs\/?p=63883"},"modified":"2023-02-03T21:17:35","modified_gmt":"2023-02-03T19:17:35","slug":"jaje-simbol-neke-nove-buducnosti-srbije","status":"publish","type":"post","link":"https:\/\/podcast.rs\/en\/jaje-simbol-neke-nove-buducnosti-srbije\/","title":{"rendered":"Jaje, simbol neke nove budu\u0107nosti Srbije"},"content":{"rendered":"<p>Na Dan borbe protiv fa\u0161izma i antisemitizma, 9. novembra, Ministarstvo unutra\u0161njih poslova zabranilo je skup Inicijative mladih za ljudska prava na kome je najavljeno kre\u010denje murala osu\u0111enom ratnom zlo\u010dincu generalu Republike Srpske Ratku Mladi\u0107u na Vra\u010daru u Beogradu.<\/p>\n<p>Me\u0111utim, iako mural nije okre\u010den, tog dana su dve aktivistkinje Aida \u0106orovi\u0107 i Jelena Ja\u0107imovi\u0107 spontano u prodavnici u blizini murala kupile karton jaja i ga\u0111ale Mladi\u0107ev mural. One su potom odvene u Policijsku stanicu Vra\u010dar, ali su posle nekoliko sati pu\u0161tene.<\/p>\n<p>Mural osu\u0111enom ratnom zlo\u010dincu Ratku Mladi\u0107u koji je odgovoran za genocid u Srebrenici jo\u0161 uvek stoji na uglu Njego\u0161eve i Alekse Nenadovi\u0107a gde ga je naslikala navija\u010dka grupa Fudbalskog kluba Partizan Grobari Vra\u010dar, ali Aida \u0106orovi\u0107 se nada da \u0107e uskoro do\u0107i do pada sistema koji dozvoljava i obezbe\u0111uje mural posve\u0107en odgovornom za genocid.\u00a0<\/p>\n<p>Podkast pripremio Nemanja Stevanovi\u0107.<\/p>","protected":false},"excerpt":{"rendered":"<p>Na Dan borbe protiv fa\u0161izma i antisemitizma, 9. novembra, Ministarstvo unutra\u0161njih poslova zabranilo je skup Inicijative mladih za ljudska prava na kome je najavljeno kre\u010denje murala osu\u0111enom ratnom zlo\u010dincu generalu Republike Srpske Ratku Mladi\u0107u na Vra\u010daru u Beogradu. Me\u0111utim, iako mural nije okre\u010den, tog dana su dve aktivistkinje Aida \u0106orovi\u0107 i Jelena Ja\u0107imovi\u0107 spontano u&#8230;<\/p>","protected":false},"author":3,"featured_media":30315,"comment_status":"close","ping_status":"closed","sticky":false,"template":"","format":"audio","meta":{"footnotes":""},"categories":[218],"tags":[],"class_list":["post-63883","post","type-post","status-publish","format-audio","has-post-thumbnail","hentry","category-ogledalo","post_format-post-format-audio"],"_links":{"self":[{"href":"https:\/\/podcast.rs\/en\/wp-json\/wp\/v2\/posts\/63883","targetHints":{"allow":["GET"]}}],"collection":[{"href":"https:\/\/podcast.rs\/en\/wp-json\/wp\/v2\/posts"}],"about":[{"href":"https:\/\/podcast.rs\/en\/wp-json\/wp\/v2\/types\/post"}],"author":[{"embeddable":true,"href":"https:\/\/podcast.rs\/en\/wp-json\/wp\/v2\/users\/3"}],"replies":[{"embeddable":true,"href":"https:\/\/podcast.rs\/en\/wp-json\/wp\/v2\/comments?post=63883"}],"version-history":[{"count":1,"href":"https:\/\/podcast.rs\/en\/wp-json\/wp\/v2\/posts\/63883\/revisions"}],"predecessor-version":[{"id":63884,"href":"https:\/\/podcast.rs\/en\/wp-json\/wp\/v2\/posts\/63883\/revisions\/63884"}],"wp:featuredmedia":[{"embeddable":true,"href":"https:\/\/podcast.rs\/en\/wp-json\/wp\/v2\/media\/30315"}],"wp:attachment":[{"href":"https:\/\/podcast.rs\/en\/wp-json\/wp\/v2\/media?parent=63883"}],"wp:term":[{"taxonomy":"category","embeddable":true,"href":"https:\/\/podcast.rs\/en\/wp-json\/wp\/v2\/categories?post=63883"},{"taxonomy":"post_tag","embeddable":true,"href":"https:\/\/podcast.rs\/en\/wp-json\/wp\/v2\/tags?post=63883"}],"curies":[{"name":"wp","href":"https:\/\/api.w.org\/{rel}","templated":true}]}}