{"id":63877,"date":"2022-02-18T11:15:27","date_gmt":"2022-02-18T10:15:27","guid":{"rendered":"https:\/\/podcast.rs\/?p=63877"},"modified":"2023-02-03T21:17:33","modified_gmt":"2023-02-03T19:17:33","slug":"decentralizacijom-do-vece-kontrole-vlasti","status":"publish","type":"post","link":"https:\/\/podcast.rs\/en\/decentralizacijom-do-vece-kontrole-vlasti\/","title":{"rendered":"Decentralizacijom do ve\u0107e kontrole vlasti"},"content":{"rendered":"<p>Da li Beogra\u0111ani znaju \u0161ta su stvarni problemi u Malom I\u0111o\u0161u? Kako gra\u0111ani Perleza mogu sami da donose odluke koje se ti\u010du njihove zajednice? Za\u0161to se u krugu dvojke odlu\u010duje o Ju\u017eno-Ba\u010dkom okrugu?<\/p>\n<p>O tome koji su uslovu potrebni da bi vlast uop\u0161te mogla da se decentralizuje, koje su prednosti ali i mane decentralizacije, i kako \u0107e decentralizacija izgledati u ogledalu izbora, govori gost Ogledala Aleksandar Popov iz Centra za regionalizam Novi Sad.<\/p>\n<p>Decentralizovana vlast u regionima, sub-regionima i loklanim samoupravama je najbli\u017ea gra\u0111anima jer gra\u0111ani znaju koga su izabrali i ko im je odgovoran za lokalne probleme. Decentralizovana vlast efikasnija je od centralne vlasti, navodi Popov.<\/p>\n<p>\u201eCentralna vlast ne mo\u017ee sagledati potrebe ni\u0161kog ili bilo kog drugog regiona u Srbiji kao \u0161to mogu vlasti koje su gra\u0111ani tamo izabrali. Na kraju, oni mogu biti i ka\u017enjeni na slede\u0107im izborima ukoliko ne ispune volju svojih bira\u010da\u201c, obja\u0161njava gost \u201eOgledala\u201c.<\/p>\n<p>Popov obja\u0161njava da princip decentralizacije u Srbiji mogu\u0107e je primeniti samo uz demokratizaciju dru\u0161tva. U jednom autoritativnom sistemu koji je trenutno u Srbiji, gde je vlast u rukama ne cetralne vlasti kao sistema, nego jednog \u010doveka, ako ne postoji podela po horizontali \u2013 na izvr\u0161nu, zakonodavnu i sudsku, ne postoji mogu\u0107nost na podelu po vertikali.<\/p>\n<p>\u201eVideli smo da ova vlast ima tendencije da kontroli\u0161e sve do najni\u017eeg nivoa, dakle do nivoa mesnih zajednica. Ukoliko jedna mesna zajednica isko\u010di, evo uzmimo primer Limana, oni gledaju da se ta vlast upodobi centralnom novu\u201c, rekao je Popov.<\/p>\n<p>Najpogodniji model decentralizacije, smatra Popov, bio bi da se izvr\u0161i podela na regione. Trenutno postoji podela na dve reginalne jedinice: Vojvodina i Beograd. Po Zakonu o regionalnom razvoju koji je usvojen 2009. godine iscrtani su statisti\u010dki regioni u kojoj je Centralna Srbija podeljena na \u010detiri zone. To je ura\u0111eno u svrhu kori\u0161\u0107enja pretpristupnih fondova Evropske unije, kao i za kontrolu njihovih tro\u0161enja.<\/p>\n<p>\u201eAli prvi put su u istoriji Srbije ocrtani neki mogu\u0107i regioni kao prirodne celine. To sad nije ni bitno jer tog Zakona se vi\u0161e niko i ne se\u0107a jer imamo visoko centralizovanu dr\u017eavu\u201c, obja\u0161njava Popov.<\/p>\n<p>Da bi se uop\u0161te krenulo u proces decentralizacije, mora da se postoji politi\u010dka volja. Jedan od poku\u0161aja bio je 2009. godine kada je formiran Nacionalni savet za decentralizaciju. Stru\u010dna radna grupa u \u010dijem je \u010delu bio Popov, trebala je da napravi nacrt koncepta decentralizacije.<\/p>\n<p>\u201eMe\u0111utim, i ona vlast \u010dija je okosnica bila Demokratska stranka nije bila prijem\u010diva za tu ideju. I kad je na\u0161a ekspertska grupa iza\u0161la sa tim konceptom odjednom je do\u0161lo do blokade nacionalnog saveta. Odr\u017eana je samo jedna sednica koja je trajala dva sata i koja posle prekinuta. Ni\u0161ta se nije desilo posle toga\u201c, prepri\u010dava Popov.<\/p>\n<p>Razgovor vodi Sanja \u0110or\u0111evi\u0107.<\/p>","protected":false},"excerpt":{"rendered":"<p>Da li Beogra\u0111ani znaju \u0161ta su stvarni problemi u Malom I\u0111o\u0161u? Kako gra\u0111ani Perleza mogu sami da donose odluke koje se ti\u010du njihove zajednice? Za\u0161to se u krugu dvojke odlu\u010duje o Ju\u017eno-Ba\u010dkom okrugu? O tome koji su uslovu potrebni da bi vlast uop\u0161te mogla da se decentralizuje, koje su prednosti ali i mane decentralizacije, i&#8230;<\/p>","protected":false},"author":3,"featured_media":30315,"comment_status":"close","ping_status":"closed","sticky":false,"template":"","format":"audio","meta":{"footnotes":""},"categories":[218],"tags":[],"class_list":["post-63877","post","type-post","status-publish","format-audio","has-post-thumbnail","hentry","category-ogledalo","post_format-post-format-audio"],"_links":{"self":[{"href":"https:\/\/podcast.rs\/en\/wp-json\/wp\/v2\/posts\/63877","targetHints":{"allow":["GET"]}}],"collection":[{"href":"https:\/\/podcast.rs\/en\/wp-json\/wp\/v2\/posts"}],"about":[{"href":"https:\/\/podcast.rs\/en\/wp-json\/wp\/v2\/types\/post"}],"author":[{"embeddable":true,"href":"https:\/\/podcast.rs\/en\/wp-json\/wp\/v2\/users\/3"}],"replies":[{"embeddable":true,"href":"https:\/\/podcast.rs\/en\/wp-json\/wp\/v2\/comments?post=63877"}],"version-history":[{"count":1,"href":"https:\/\/podcast.rs\/en\/wp-json\/wp\/v2\/posts\/63877\/revisions"}],"predecessor-version":[{"id":63878,"href":"https:\/\/podcast.rs\/en\/wp-json\/wp\/v2\/posts\/63877\/revisions\/63878"}],"wp:featuredmedia":[{"embeddable":true,"href":"https:\/\/podcast.rs\/en\/wp-json\/wp\/v2\/media\/30315"}],"wp:attachment":[{"href":"https:\/\/podcast.rs\/en\/wp-json\/wp\/v2\/media?parent=63877"}],"wp:term":[{"taxonomy":"category","embeddable":true,"href":"https:\/\/podcast.rs\/en\/wp-json\/wp\/v2\/categories?post=63877"},{"taxonomy":"post_tag","embeddable":true,"href":"https:\/\/podcast.rs\/en\/wp-json\/wp\/v2\/tags?post=63877"}],"curies":[{"name":"wp","href":"https:\/\/api.w.org\/{rel}","templated":true}]}}