{"id":63340,"date":"2023-02-01T17:45:22","date_gmt":"2023-02-01T16:45:22","guid":{"rendered":"https:\/\/podcast.rs\/?p=63340"},"modified":"2023-02-01T20:21:49","modified_gmt":"2023-02-01T18:21:49","slug":"nakon-tenkova-i-borbeni-avioni-za-ukrajinu","status":"publish","type":"post","link":"https:\/\/podcast.rs\/en\/nakon-tenkova-i-borbeni-avioni-za-ukrajinu\/","title":{"rendered":"Nakon tenkova i borbeni avioni za Ukrajinu?"},"content":{"rendered":"<p>      Da li je Njema\u010dka ve\u0107 u ratu protiv Rusije? Klju\u010dno pitanje u goru\u0107oj raspravi o isporuci tenkova Leopard 2 Ukrajini! Tvrdnju u tom smislu je izrekla Analena Baerbock, a ministricu vanjskih poslova u svojoj vladi je odmah opovrgnuo savezni kancelar Olaf Scholz. Ne, Njema\u010dka nije u ratu. No, odluka o isporuci 14 borbenih tenkova jo\u0161 se nije ni &#8222;ohladila&#8220;, a ve\u0107 isti dan u javnosti se po\u010delo debatirati o slanju borbenih aviona Ukrajini. Dok rasprava traje, u Njema\u010dkoj raste strah od \u0161irenja rata.<\/p>","protected":false},"excerpt":{"rendered":"<p>Da li je Njema\u010dka ve\u0107 u ratu protiv Rusije? Klju\u010dno pitanje u goru\u0107oj raspravi o isporuci tenkova Leopard 2 Ukrajini! Tvrdnju u tom smislu je izrekla Analena Baerbock, a ministricu vanjskih poslova u svojoj vladi je odmah opovrgnuo savezni kancelar Olaf Scholz. Ne, Njema\u010dka nije u ratu. No, odluka o isporuci 14 borbenih tenkova jo\u0161&#8230;<\/p>","protected":false},"author":3,"featured_media":48737,"comment_status":"close","ping_status":"closed","sticky":false,"template":"","format":"audio","meta":{"footnotes":""},"categories":[183],"tags":[],"class_list":["post-63340","post","type-post","status-publish","format-audio","has-post-thumbnail","hentry","category-cosmo","post_format-post-format-audio"],"_links":{"self":[{"href":"https:\/\/podcast.rs\/en\/wp-json\/wp\/v2\/posts\/63340","targetHints":{"allow":["GET"]}}],"collection":[{"href":"https:\/\/podcast.rs\/en\/wp-json\/wp\/v2\/posts"}],"about":[{"href":"https:\/\/podcast.rs\/en\/wp-json\/wp\/v2\/types\/post"}],"author":[{"embeddable":true,"href":"https:\/\/podcast.rs\/en\/wp-json\/wp\/v2\/users\/3"}],"replies":[{"embeddable":true,"href":"https:\/\/podcast.rs\/en\/wp-json\/wp\/v2\/comments?post=63340"}],"version-history":[{"count":1,"href":"https:\/\/podcast.rs\/en\/wp-json\/wp\/v2\/posts\/63340\/revisions"}],"predecessor-version":[{"id":63341,"href":"https:\/\/podcast.rs\/en\/wp-json\/wp\/v2\/posts\/63340\/revisions\/63341"}],"wp:featuredmedia":[{"embeddable":true,"href":"https:\/\/podcast.rs\/en\/wp-json\/wp\/v2\/media\/48737"}],"wp:attachment":[{"href":"https:\/\/podcast.rs\/en\/wp-json\/wp\/v2\/media?parent=63340"}],"wp:term":[{"taxonomy":"category","embeddable":true,"href":"https:\/\/podcast.rs\/en\/wp-json\/wp\/v2\/categories?post=63340"},{"taxonomy":"post_tag","embeddable":true,"href":"https:\/\/podcast.rs\/en\/wp-json\/wp\/v2\/tags?post=63340"}],"curies":[{"name":"wp","href":"https:\/\/api.w.org\/{rel}","templated":true}]}}