{"id":63294,"date":"2023-01-31T17:59:01","date_gmt":"2023-01-31T16:59:01","guid":{"rendered":"https:\/\/podcast.rs\/?p=63294"},"modified":"2023-01-31T19:20:50","modified_gmt":"2023-01-31T17:20:50","slug":"sesta-licna-s5a10-sjajni-ledej-nosio-partizan-do-evro-revansa","status":"publish","type":"post","link":"https:\/\/podcast.rs\/en\/sesta-licna-s5a10-sjajni-ledej-nosio-partizan-do-evro-revansa\/","title":{"rendered":"\u0160ESTA LI\u010cNA: S5A10 \u2013 Sjajni Ledej nosio Partizan do Evro-revan\u0161a!"},"content":{"rendered":"<p>Novi derbi, nove tenzije! Nakon dva uzastopna trijumfa Crvene<br \/>\nZvezde u teku\u0107oj sezoni, jedan u ABA Ligi i jedan u Evropi, do\u0161ao je<br \/>\nmomenat i da Partizan ka\u017ee re\u010d-dve na ovu temu \u2013 po prvi put posle<br \/>\n\u010dak \u0161est godina crno-beli pobedili su kao \u201egosti\u201c u Ve\u010ditom Derbiju i<br \/>\ntako dodatno zakuvali evroliga\u0161ku tabelu!<br \/>\nIako su vojnici \u017deljka Obradovi\u0107a gotovo ceo me\u010d dr\u017eali prednost,<br \/>\nte\u0161ko da se mo\u017ee re\u0107i da drame nije bilo. Zvezda je u vi\u0161e navrata<br \/>\nprilazila na po poen-dva minusa, imala nekolicinu prilika da \u201eokrene\u201c<\/p>\n<p>me\u010d i preuzme vo\u0111stvo, ali bi Partizan kontinuirano nalazio na\u010dine<br \/>\nda to doga ne na\u0111e. Junak utakmice bio je Zek Ledej sa 20 poena i<br \/>\nodli\u010dnih 4 od 5 za tri \u2013 njegovo juna\u0161tvo je utoliko ve\u0107e jer se, do<br \/>\nove utakmice, i nije najbolje snalazio u najve\u0107em derbiju<br \/>\nregionalnog sporta.<br \/>\nZvezda, kada sagleda utakmicu, itekako ima za \u010dime da \u017eali. \u010cak 16<br \/>\nizgubljenih lopti olak\u0161ali su posao Partizanu da do\u0111e do bodova, a<br \/>\nnije pomogla ni odli\u010dna realizacija u \u0161utu za tri poena (timskih 47%),<br \/>\nni raspolo\u017eeni duo Vildosa-Nedovi\u0107. Ostala je ute\u0161na nagrada u vidu<br \/>\nNedovi\u0107eve trojke uz istek vremena koja je crveno-belima o\u010duvala<br \/>\nmakar bolji me\u0111usobni skor, ali dug je put do ta\u010dke u kojoj bi se to<br \/>\nuzelo kao ne\u0161to odlu\u010duju\u0107e.<br \/>\nOba tima su pobedama ispratile svoj Evro-nastup \u2013 Zvezda u<br \/>\n\u017delezniku, Partizan ku\u0107i protiv Mornara \u2013 i nove evropske avanture<br \/>\nuveliko \u010dekaju. Dok vi ovo budete gledali Zvezda \u0107e se boriti za<br \/>\nnovu pobedu u Bolonji, a Partizan do\u010dekuje Asvel \u2013 svega dva dana<br \/>\nkasnije, Zvezda \u201esilazi\u201c do Milana, dok \u0107e crno-beli u Kaunas.<br \/>\nIma\u0107emo, dakle, o \u010demu da pri\u010damo i slede\u0107e nedelje.<br \/>\nAli da se zadr\u017eimo jo\u0161 na ovoj. Pored \u201eve\u010ditih\u201c, na koje otpadne ve\u0107i<br \/>\ndeo emisije, analiziramo i debakl Cedevita Olimpije na svom terenu<br \/>\nprotiv Budu\u0107nosti. Veliku pobedu upisao je Zadar, ne dodu\u0161e i bez<br \/>\nne\u0161to gor\u010deg \u201eaftera\u201c na kojem je trener pri\u010dao o atmosferi u klubu<br \/>\n(\u0161ifra : finansije), a zanimljivo je bilo i u Lakta\u0161ima gde je Split u<br \/>\ndrami trijumfovao protiv Igokee.<br \/>\nUkratko, znate da u ABA podkastu drame ne manjka. Stoga,<br \/>\nopustite se i u\u017eivajte, pa se opet dru\u017eimo za dva dana uz NBA!<br \/>\nVidimo se!<\/p>","protected":false},"excerpt":{"rendered":"<p>Novi derbi, nove tenzije! Nakon dva uzastopna trijumfa Crvene Zvezde u teku\u0107oj sezoni, jedan u ABA Ligi i jedan u Evropi, do\u0161ao je momenat i da Partizan ka\u017ee re\u010d-dve na ovu temu \u2013 po prvi put posle \u010dak \u0161est godina crno-beli pobedili su kao \u201egosti\u201c u Ve\u010ditom Derbiju i tako dodatno zakuvali evroliga\u0161ku tabelu! Iako&#8230;<\/p>","protected":false},"author":3,"featured_media":25637,"comment_status":"open","ping_status":"closed","sticky":false,"template":"","format":"audio","meta":{"footnotes":""},"categories":[203],"tags":[],"class_list":["post-63294","post","type-post","status-publish","format-audio","has-post-thumbnail","hentry","category-sesta-licna","post_format-post-format-audio"],"_links":{"self":[{"href":"https:\/\/podcast.rs\/en\/wp-json\/wp\/v2\/posts\/63294","targetHints":{"allow":["GET"]}}],"collection":[{"href":"https:\/\/podcast.rs\/en\/wp-json\/wp\/v2\/posts"}],"about":[{"href":"https:\/\/podcast.rs\/en\/wp-json\/wp\/v2\/types\/post"}],"author":[{"embeddable":true,"href":"https:\/\/podcast.rs\/en\/wp-json\/wp\/v2\/users\/3"}],"replies":[{"embeddable":true,"href":"https:\/\/podcast.rs\/en\/wp-json\/wp\/v2\/comments?post=63294"}],"version-history":[{"count":1,"href":"https:\/\/podcast.rs\/en\/wp-json\/wp\/v2\/posts\/63294\/revisions"}],"predecessor-version":[{"id":63295,"href":"https:\/\/podcast.rs\/en\/wp-json\/wp\/v2\/posts\/63294\/revisions\/63295"}],"wp:featuredmedia":[{"embeddable":true,"href":"https:\/\/podcast.rs\/en\/wp-json\/wp\/v2\/media\/25637"}],"wp:attachment":[{"href":"https:\/\/podcast.rs\/en\/wp-json\/wp\/v2\/media?parent=63294"}],"wp:term":[{"taxonomy":"category","embeddable":true,"href":"https:\/\/podcast.rs\/en\/wp-json\/wp\/v2\/categories?post=63294"},{"taxonomy":"post_tag","embeddable":true,"href":"https:\/\/podcast.rs\/en\/wp-json\/wp\/v2\/tags?post=63294"}],"curies":[{"name":"wp","href":"https:\/\/api.w.org\/{rel}","templated":true}]}}