{"id":63200,"date":"2023-01-29T08:45:27","date_gmt":"2023-01-29T07:45:27","guid":{"rendered":"https:\/\/podcast.rs\/?p=63200"},"modified":"2023-01-29T10:12:58","modified_gmt":"2023-01-29T08:12:58","slug":"ida-prester-pevacica-autorka-voditeljka-aktivistkinja-fusnota-podkast-56","status":"publish","type":"post","link":"https:\/\/podcast.rs\/en\/ida-prester-pevacica-autorka-voditeljka-aktivistkinja-fusnota-podkast-56\/","title":{"rendered":"Ida Prester &#8211; peva\u010dica, autorka, voditeljka, aktivistkinja | Fusnota podkast 56"},"content":{"rendered":"<p>Kada je vidite energi\u010dnu i kostimiranu na sceni poverujete li Idi Prester da se kao dete nije igrala i da je bila &#8222;dosadna&#8220;? Sa 17 godina je prvi put iza\u0161la na kafu. Nakon toga je &#8222;eksplodirala i izlazila kao luda&#8220;. Sa 18. godina se odselila iz roditeljskog doma u Zagrebu govore\u0107i da se vi\u0161e ne\u0107e vratiti. Htela je da bude najbolja u svemu, zavr\u0161ila je 2 srednje \u0161kole i jedan i po fakultet. \u017divela u 4 dr\u017eave i 6 razli\u010ditih gradova. Ida ka\u017ee za sebe da je egzibicionistkinja na sceni i da terapeutski do\u017eivljava kada javno podeli neki svoj problem, koliko god bio sraman ili neuobi\u010dajen. Kada joj je bilo 23-24 godine njen otac Mladen, doktor fizike i ugledni nau\u010dni radnik, je poku\u0161avaju\u0107i da je razume guglao &#8222;ljudi van sistema&#8220;. A onda je po\u010deo da prati njene nastupe \u010dak i na Exitu. Danas joj je velika podr\u0161ka u odgajanju sinova.<br \/>\nJasno vam je iz ovog uvoda da me je najvi\u0161e zanimalo kako su Idin &#8222;krivudav put&#8220; pro\u017eiveli njeni roditelji i kako sada kao mama gleda na sve to. Pri\u010dale smo o emotivnom striptizu, velikim o\u010dekivanjima, nedostatku igre, adaptibilnosti, prekr\u0161ajima, razo\u010darenjima&#8230;<\/p>\n<p>\ud83d\udcaa POKROVITELJ podkasta je Grand kafa koja nam poru\u010duje: Hajde da imamo vremena! Dobre stvari u \u017eivotu tra\u017ee vreme. Vreme da se pripreme i vreme da se u njima u\u017eiva. Zato, hajde da odlu\u010dimo da svakog dana imamo vremena za ono \u0161to je stvarno va\u017eno. Za sebe, za zajedni\u010dku \u0161oljicu kafe i sve one male stvari koje \u010dine \u017eivot.<\/p>\n<p>Pridru\u017eite se zajednici na Instagramu https:\/\/www.instagram.com\/grand.kafa\/ <\/p>\n<p>Muzika za \u0161picu: Sanja Stevanov<br \/>\n<iframe title=\"Sanja S\" width=\"1200\" height=\"450\" scrolling=\"no\" frameborder=\"no\" src=\"https:\/\/w.soundcloud.com\/player\/?visual=true&#038;url=https%3A%2F%2Fapi.soundcloud.com%2Fusers%2F263799157&#038;show_artwork=true&#038;maxheight=1000&#038;maxwidth=1200\"><\/iframe><br \/>\n__<br \/>\nOp\u0161irnije o podkastu https:\/\/alex5rovski.com\/fusnota-podkast\/<br \/>\n\ud83d\udc95 *fusnota podkast je projekat Fondacije Dva 37, kao i kru\u017eok Multipotencijalisti.<br \/>\nPridru\u017ei nam se https:\/\/bit.ly\/fbmultipotencijalisti<br \/>\n\ud83c\udf3f Prati Alex na Instagramu<br \/>\nhttps:\/\/www.instagram.com\/alex5rovski<\/p>","protected":false},"excerpt":{"rendered":"<p>Kada je vidite energi\u010dnu i kostimiranu na sceni poverujete li Idi Prester da se kao dete nije igrala i da je bila &#8222;dosadna&#8220;? Sa 17 godina je prvi put iza\u0161la na kafu. Nakon toga je &#8222;eksplodirala i izlazila kao luda&#8220;. Sa 18. godina se odselila iz roditeljskog doma u Zagrebu govore\u0107i da se vi\u0161e ne\u0107e&#8230;<\/p>","protected":false},"author":3,"featured_media":48826,"comment_status":"close","ping_status":"closed","sticky":false,"template":"","format":"audio","meta":{"footnotes":""},"categories":[367],"tags":[],"class_list":["post-63200","post","type-post","status-publish","format-audio","has-post-thumbnail","hentry","category-fusnota","post_format-post-format-audio"],"_links":{"self":[{"href":"https:\/\/podcast.rs\/en\/wp-json\/wp\/v2\/posts\/63200","targetHints":{"allow":["GET"]}}],"collection":[{"href":"https:\/\/podcast.rs\/en\/wp-json\/wp\/v2\/posts"}],"about":[{"href":"https:\/\/podcast.rs\/en\/wp-json\/wp\/v2\/types\/post"}],"author":[{"embeddable":true,"href":"https:\/\/podcast.rs\/en\/wp-json\/wp\/v2\/users\/3"}],"replies":[{"embeddable":true,"href":"https:\/\/podcast.rs\/en\/wp-json\/wp\/v2\/comments?post=63200"}],"version-history":[{"count":1,"href":"https:\/\/podcast.rs\/en\/wp-json\/wp\/v2\/posts\/63200\/revisions"}],"predecessor-version":[{"id":63201,"href":"https:\/\/podcast.rs\/en\/wp-json\/wp\/v2\/posts\/63200\/revisions\/63201"}],"wp:featuredmedia":[{"embeddable":true,"href":"https:\/\/podcast.rs\/en\/wp-json\/wp\/v2\/media\/48826"}],"wp:attachment":[{"href":"https:\/\/podcast.rs\/en\/wp-json\/wp\/v2\/media?parent=63200"}],"wp:term":[{"taxonomy":"category","embeddable":true,"href":"https:\/\/podcast.rs\/en\/wp-json\/wp\/v2\/categories?post=63200"},{"taxonomy":"post_tag","embeddable":true,"href":"https:\/\/podcast.rs\/en\/wp-json\/wp\/v2\/tags?post=63200"}],"curies":[{"name":"wp","href":"https:\/\/api.w.org\/{rel}","templated":true}]}}