{"id":63170,"date":"2023-01-28T10:46:00","date_gmt":"2023-01-28T09:46:00","guid":{"rendered":"https:\/\/podcast.rs\/?p=63170"},"modified":"2023-01-28T12:12:25","modified_gmt":"2023-01-28T10:12:25","slug":"dnevna-soba-maja-dragisic","status":"publish","type":"post","link":"https:\/\/podcast.rs\/en\/dnevna-soba-maja-dragisic\/","title":{"rendered":"Dnevna soba: Maja Dragi\u0161i\u0107"},"content":{"rendered":"<p>Zavr\u0161etak godine u kojoj je Novi Sad bio Evropske prestonice kulture doneo nam je jedan veoma va\u017ean projekat, \u010dija je tema izgradnja objekta koji bi trebalo da se zove &#8222;Memorijalni centar posve\u0107en nevino stradalim \u017ertvama tokom 1942. godine&#8220; i bio bi postavljen u Kreativnom distriktu (nekada\u0161njoj Kineskoj \u010detvrti). Organizatori su raspisali konkurs, a pristigle radove pregledao je i ocenio stru\u010dni \u017eiri. Prva nagrada na konkursu nije dodeljena, a drugu je odnela ekipa autorskog tima Spring studija iz Beograda, dok su dodeljene i tri tre\u0107e nagrade. Maja Dragi\u0161i\u0107 osniva\u010dica je Spring studija sa kojim, pored ostalog, ve\u0107 dugi niz godina uspe\u0161no u\u010destvuje na sli\u010dnim konkursima, kod nas i u svetu.<\/p>","protected":false},"excerpt":{"rendered":"<p>Zavr\u0161etak godine u kojoj je Novi Sad bio Evropske prestonice kulture doneo nam je jedan veoma va\u017ean projekat, \u010dija je tema izgradnja objekta koji bi trebalo da se zove &#8222;Memorijalni centar posve\u0107en nevino stradalim \u017ertvama tokom 1942. godine&#8220; i bio bi postavljen u Kreativnom distriktu (nekada\u0161njoj Kineskoj \u010detvrti). Organizatori su raspisali konkurs, a pristigle radove&#8230;<\/p>","protected":false},"author":3,"featured_media":54584,"comment_status":"close","ping_status":"closed","sticky":false,"template":"","format":"audio","meta":{"footnotes":""},"categories":[431],"tags":[],"class_list":["post-63170","post","type-post","status-publish","format-audio","has-post-thumbnail","hentry","category-dnevna-soba","post_format-post-format-audio"],"_links":{"self":[{"href":"https:\/\/podcast.rs\/en\/wp-json\/wp\/v2\/posts\/63170","targetHints":{"allow":["GET"]}}],"collection":[{"href":"https:\/\/podcast.rs\/en\/wp-json\/wp\/v2\/posts"}],"about":[{"href":"https:\/\/podcast.rs\/en\/wp-json\/wp\/v2\/types\/post"}],"author":[{"embeddable":true,"href":"https:\/\/podcast.rs\/en\/wp-json\/wp\/v2\/users\/3"}],"replies":[{"embeddable":true,"href":"https:\/\/podcast.rs\/en\/wp-json\/wp\/v2\/comments?post=63170"}],"version-history":[{"count":1,"href":"https:\/\/podcast.rs\/en\/wp-json\/wp\/v2\/posts\/63170\/revisions"}],"predecessor-version":[{"id":63171,"href":"https:\/\/podcast.rs\/en\/wp-json\/wp\/v2\/posts\/63170\/revisions\/63171"}],"wp:featuredmedia":[{"embeddable":true,"href":"https:\/\/podcast.rs\/en\/wp-json\/wp\/v2\/media\/54584"}],"wp:attachment":[{"href":"https:\/\/podcast.rs\/en\/wp-json\/wp\/v2\/media?parent=63170"}],"wp:term":[{"taxonomy":"category","embeddable":true,"href":"https:\/\/podcast.rs\/en\/wp-json\/wp\/v2\/categories?post=63170"},{"taxonomy":"post_tag","embeddable":true,"href":"https:\/\/podcast.rs\/en\/wp-json\/wp\/v2\/tags?post=63170"}],"curies":[{"name":"wp","href":"https:\/\/api.w.org\/{rel}","templated":true}]}}